{"id":13462,"date":"2017-02-09T00:00:00","date_gmt":"2017-02-09T00:00:00","guid":{"rendered":"https:\/\/www.eelabels.comunkategorisiert\/ee-exclusives-goes-milano-4-9-april-2017\/"},"modified":"2025-02-21T09:48:14","modified_gmt":"2025-02-21T09:48:14","slug":"ee-exclusives-goes-milano-4-9-april-2017","status":"publish","type":"post","link":"https:\/\/www.eelabels.com\/de\/nachrichten\/ee-exclusives-goes-milano-4-9-april-2017\/","title":{"rendered":"EE Exclusives goes Milano, 4. &#8211; 9. April 2017"},"content":{"rendered":"<p><img loading=\"lazy\" decoding=\"async\" class=\"alignright wp-image-10082\" src=\"https:\/\/www.eelabels.com\/\/wp-content\/uploads\/2017\/02\/MASTERLY2016_PAVILION_LOGO-300x300.jpg\" width=\"175\" height=\"175\" \/><\/p>\n<p>Unter dem Titel\u00a0<strong>Masterly \u2013 The Dutch in Milano<\/strong>\u00a0und in Zusammenarbeit mit <a href=\"https:\/\/www.secrid.com\/\">Secrid<\/a> pr\u00e4sentiert sich EE Exclusives mit anderen niederl\u00e4ndischen handwerklich produzierenden Unternehmen und Designern im Zentrum von Mailand. Im faszinierenden Palazzo Francesco Turati positioniert sich erneut der niederl\u00e4ndische Pavillon mit dem besten Design und Handwerk, das die Niederlande zu bieten haben.<\/p>\n<p>Im\u00a0<strong>zeitgen\u00f6ssischen Raum<\/strong>\u00a0des Palazzo <u>Nr. 17\u00a0 <\/u>\u00a0\u00a0\u00fcberraschen wir Sie mit unserer Co-Kreation und pr\u00e4sentieren jedem Einzelnen unser spezielles Fachwissen im Bereich der Textilien, des Designs und der Technik.<\/p>\n<p>Auf dem Salone del Mobile sehen Sie in diesem erst vor kurzem restaurierten Palast eine museale Ausstellung sowie Pr\u00e4sentationen, die f\u00fcr das Design-Mekka Mailand verbl\u00fcffend sind. Der wundersch\u00f6ne, teils \u00fcberdeckte Innenhof des Palazzo ist anschlie\u00dfend sicherlich einen Besuch wert. Die Dachterrasse auf der f\u00fcnften Etage bietet abschlie\u00dfend eine gro\u00dfartige Aussicht \u00fcber Mailand. Ideal, um sich im Anschluss an die Ausstellung zu unterhalten, sein Netzwerk auszubauen und zu genie\u00dfen.<\/p>\n<p><strong><a href=\"http:\/\/www.ee-exclusives.com\">EE Exclusives<\/a> @Masterly \u2013 The Dutch in Milano<\/strong>\u00a0hei\u00dft Sie willkommen!<\/p>\n<p><img loading=\"lazy\" decoding=\"async\" class=\"alignnone wp-image-10080 size-full\" src=\"https:\/\/www.eelabels.com\/\/wp-content\/uploads\/2017\/02\/MASTERLY2016_PALAZZO_COURT-YARD_UNIQUOLE-e1486648387166.jpg\" width=\"750\" height=\"501\" \/>\u00a0<img loading=\"lazy\" decoding=\"async\" class=\"alignnone wp-image-10081\" src=\"https:\/\/www.eelabels.com\/\/wp-content\/uploads\/2017\/02\/MASTERLY2016_PALAZZO_HISTORICAL-ROOMS_UNIQUOLE-e1486648400460.jpg\" width=\"750\" height=\"843\" \/><\/p>\n","protected":false},"excerpt":{"rendered":"<p>Unter dem Titel\u00a0Masterly \u2013 The Dutch in Milano\u00a0und in Zusammenarbeit mit Secrid pr\u00e4sentiert sich EE Exclusives mit anderen niederl\u00e4ndischen handwerklich produzierenden Unternehmen und Designern im Zentrum von Mailand. Im faszinierenden Palazzo Francesco Turati positioniert sich erneut der niederl\u00e4ndische Pavillon mit dem besten Design und Handwerk, das die Niederlande zu bieten haben. Im\u00a0zeitgen\u00f6ssischen Raum\u00a0des Palazzo Nr. [&#8230;]<\/p>\n<p><a class=\"btn btn-dark understrap-read-more-link\" href=\"https:\/\/www.eelabels.com\/de\/nachrichten\/ee-exclusives-goes-milano-4-9-april-2017\/\">Weiterlesen\u00a0\u2026<span class=\"screen-reader-text\"> from EE Exclusives goes Milano, 4. &#8211; 9. April 2017<\/span><\/a><\/p>\n","protected":false},"author":1,"featured_media":0,"comment_status":"closed","ping_status":"open","sticky":false,"template":"","format":"standard","meta":{"_acf_changed":false,"footnotes":""},"categories":[87],"tags":[],"class_list":["post-13462","post","type-post","status-publish","format-standard","hentry","category-nachrichten"],"acf":[],"yoast_head":"<!-- This site is optimized with the Yoast SEO plugin v24.6 - https:\/\/yoast.com\/wordpress\/plugins\/seo\/ -->\n<title>EE Exclusives goes Milano, 4. - 9. April 2017 - EE Labels<\/title>\n<meta name=\"robots\" content=\"index, follow, max-snippet:-1, max-image-preview:large, max-video-preview:-1\" \/>\n<link rel=\"canonical\" href=\"https:\/\/www.eelabels.com\/de\/nachrichten\/ee-exclusives-goes-milano-4-9-april-2017\/\" \/>\n<meta property=\"og:locale\" content=\"de_DE\" \/>\n<meta property=\"og:type\" content=\"article\" \/>\n<meta property=\"og:title\" content=\"EE Exclusives goes Milano, 4. - 9. April 2017 - EE Labels\" \/>\n<meta property=\"og:description\" content=\"Unter dem Titel\u00a0Masterly \u2013 The Dutch in Milano\u00a0und in Zusammenarbeit mit Secrid pr\u00e4sentiert sich EE Exclusives mit anderen niederl\u00e4ndischen handwerklich produzierenden Unternehmen und Designern im Zentrum von Mailand. Im faszinierenden Palazzo Francesco Turati positioniert sich erneut der niederl\u00e4ndische Pavillon mit dem besten Design und Handwerk, das die Niederlande zu bieten haben. Im\u00a0zeitgen\u00f6ssischen Raum\u00a0des Palazzo Nr. [...]Weiterlesen\u00a0\u2026 from EE Exclusives goes Milano, 4. &#8211; 9. April 2017\" \/>\n<meta property=\"og:url\" content=\"https:\/\/www.eelabels.com\/de\/nachrichten\/ee-exclusives-goes-milano-4-9-april-2017\/\" \/>\n<meta property=\"og:site_name\" content=\"EE Labels\" \/>\n<meta property=\"article:published_time\" content=\"2017-02-09T00:00:00+00:00\" \/>\n<meta property=\"article:modified_time\" content=\"2025-02-21T09:48:14+00:00\" \/>\n<meta name=\"author\" content=\"admin\" \/>\n<meta name=\"twitter:card\" content=\"summary_large_image\" \/>\n<meta name=\"twitter:label1\" content=\"Verfasst von\" \/>\n\t<meta name=\"twitter:data1\" content=\"admin\" \/>\n\t<meta name=\"twitter:label2\" content=\"Gesch\u00e4tzte Lesezeit\" \/>\n\t<meta name=\"twitter:data2\" content=\"1\u00a0Minute\" \/>\n<script type=\"application\/ld+json\" class=\"yoast-schema-graph\">{\"@context\":\"https:\/\/schema.org\",\"@graph\":[{\"@type\":\"WebPage\",\"@id\":\"https:\/\/www.eelabels.com\/de\/nachrichten\/ee-exclusives-goes-milano-4-9-april-2017\/\",\"url\":\"https:\/\/www.eelabels.com\/de\/nachrichten\/ee-exclusives-goes-milano-4-9-april-2017\/\",\"name\":\"EE Exclusives goes Milano, 4. - 9. April 2017 - EE Labels\",\"isPartOf\":{\"@id\":\"https:\/\/www.eelabels.com\/#website\"},\"primaryImageOfPage\":{\"@id\":\"https:\/\/www.eelabels.com\/de\/nachrichten\/ee-exclusives-goes-milano-4-9-april-2017\/#primaryimage\"},\"image\":{\"@id\":\"https:\/\/www.eelabels.com\/de\/nachrichten\/ee-exclusives-goes-milano-4-9-april-2017\/#primaryimage\"},\"thumbnailUrl\":\"https:\/\/www.eelabels.com\/\/wp-content\/uploads\/2017\/02\/MASTERLY2016_PAVILION_LOGO-300x300.jpg\",\"datePublished\":\"2017-02-09T00:00:00+00:00\",\"dateModified\":\"2025-02-21T09:48:14+00:00\",\"author\":{\"@id\":\"https:\/\/www.eelabels.com\/#\/schema\/person\/390a3a843426d202ab99b01bc0ad1804\"},\"breadcrumb\":{\"@id\":\"https:\/\/www.eelabels.com\/de\/nachrichten\/ee-exclusives-goes-milano-4-9-april-2017\/#breadcrumb\"},\"inLanguage\":\"de\",\"potentialAction\":[{\"@type\":\"ReadAction\",\"target\":[\"https:\/\/www.eelabels.com\/de\/nachrichten\/ee-exclusives-goes-milano-4-9-april-2017\/\"]}]},{\"@type\":\"ImageObject\",\"inLanguage\":\"de\",\"@id\":\"https:\/\/www.eelabels.com\/de\/nachrichten\/ee-exclusives-goes-milano-4-9-april-2017\/#primaryimage\",\"url\":\"https:\/\/www.eelabels.com\/\/wp-content\/uploads\/2017\/02\/MASTERLY2016_PAVILION_LOGO-300x300.jpg\",\"contentUrl\":\"https:\/\/www.eelabels.com\/\/wp-content\/uploads\/2017\/02\/MASTERLY2016_PAVILION_LOGO-300x300.jpg\"},{\"@type\":\"BreadcrumbList\",\"@id\":\"https:\/\/www.eelabels.com\/de\/nachrichten\/ee-exclusives-goes-milano-4-9-april-2017\/#breadcrumb\",\"itemListElement\":[{\"@type\":\"ListItem\",\"position\":1,\"name\":\"Home\",\"item\":\"https:\/\/www.eelabels.com\/de\/\"},{\"@type\":\"ListItem\",\"position\":2,\"name\":\"EE Exclusives goes Milano, 4. &#8211; 9. April 2017\"}]},{\"@type\":\"WebSite\",\"@id\":\"https:\/\/www.eelabels.com\/#website\",\"url\":\"https:\/\/www.eelabels.com\/\",\"name\":\"EE Labels\",\"description\":\"Specialist in geweven labels, gedrukte labels, hangtags &amp; branding\",\"potentialAction\":[{\"@type\":\"SearchAction\",\"target\":{\"@type\":\"EntryPoint\",\"urlTemplate\":\"https:\/\/www.eelabels.com\/?s={search_term_string}\"},\"query-input\":{\"@type\":\"PropertyValueSpecification\",\"valueRequired\":true,\"valueName\":\"search_term_string\"}}],\"inLanguage\":\"de\"},{\"@type\":\"Person\",\"@id\":\"https:\/\/www.eelabels.com\/#\/schema\/person\/390a3a843426d202ab99b01bc0ad1804\",\"name\":\"admin\",\"image\":{\"@type\":\"ImageObject\",\"inLanguage\":\"de\",\"@id\":\"https:\/\/www.eelabels.com\/#\/schema\/person\/image\/\",\"url\":\"https:\/\/secure.gravatar.com\/avatar\/7560ea5a5dc5d267f15097a16d02c505?s=96&d=mm&r=g\",\"contentUrl\":\"https:\/\/secure.gravatar.com\/avatar\/7560ea5a5dc5d267f15097a16d02c505?s=96&d=mm&r=g\",\"caption\":\"admin\"},\"url\":\"https:\/\/www.eelabels.com\/de\/author\/admin\/\"}]}<\/script>\n<!-- \/ Yoast SEO plugin. -->","yoast_head_json":{"title":"EE Exclusives goes Milano, 4. - 9. April 2017 - EE Labels","robots":{"index":"index","follow":"follow","max-snippet":"max-snippet:-1","max-image-preview":"max-image-preview:large","max-video-preview":"max-video-preview:-1"},"canonical":"https:\/\/www.eelabels.com\/de\/nachrichten\/ee-exclusives-goes-milano-4-9-april-2017\/","og_locale":"de_DE","og_type":"article","og_title":"EE Exclusives goes Milano, 4. - 9. April 2017 - EE Labels","og_description":"Unter dem Titel\u00a0Masterly \u2013 The Dutch in Milano\u00a0und in Zusammenarbeit mit Secrid pr\u00e4sentiert sich EE Exclusives mit anderen niederl\u00e4ndischen handwerklich produzierenden Unternehmen und Designern im Zentrum von Mailand. Im faszinierenden Palazzo Francesco Turati positioniert sich erneut der niederl\u00e4ndische Pavillon mit dem besten Design und Handwerk, das die Niederlande zu bieten haben. Im\u00a0zeitgen\u00f6ssischen Raum\u00a0des Palazzo Nr. [...]Weiterlesen\u00a0\u2026 from EE Exclusives goes Milano, 4. &#8211; 9. April 2017","og_url":"https:\/\/www.eelabels.com\/de\/nachrichten\/ee-exclusives-goes-milano-4-9-april-2017\/","og_site_name":"EE Labels","article_published_time":"2017-02-09T00:00:00+00:00","article_modified_time":"2025-02-21T09:48:14+00:00","author":"admin","twitter_card":"summary_large_image","twitter_misc":{"Verfasst von":"admin","Gesch\u00e4tzte Lesezeit":"1\u00a0Minute"},"schema":{"@context":"https:\/\/schema.org","@graph":[{"@type":"WebPage","@id":"https:\/\/www.eelabels.com\/de\/nachrichten\/ee-exclusives-goes-milano-4-9-april-2017\/","url":"https:\/\/www.eelabels.com\/de\/nachrichten\/ee-exclusives-goes-milano-4-9-april-2017\/","name":"EE Exclusives goes Milano, 4. - 9. April 2017 - EE Labels","isPartOf":{"@id":"https:\/\/www.eelabels.com\/#website"},"primaryImageOfPage":{"@id":"https:\/\/www.eelabels.com\/de\/nachrichten\/ee-exclusives-goes-milano-4-9-april-2017\/#primaryimage"},"image":{"@id":"https:\/\/www.eelabels.com\/de\/nachrichten\/ee-exclusives-goes-milano-4-9-april-2017\/#primaryimage"},"thumbnailUrl":"https:\/\/www.eelabels.com\/\/wp-content\/uploads\/2017\/02\/MASTERLY2016_PAVILION_LOGO-300x300.jpg","datePublished":"2017-02-09T00:00:00+00:00","dateModified":"2025-02-21T09:48:14+00:00","author":{"@id":"https:\/\/www.eelabels.com\/#\/schema\/person\/390a3a843426d202ab99b01bc0ad1804"},"breadcrumb":{"@id":"https:\/\/www.eelabels.com\/de\/nachrichten\/ee-exclusives-goes-milano-4-9-april-2017\/#breadcrumb"},"inLanguage":"de","potentialAction":[{"@type":"ReadAction","target":["https:\/\/www.eelabels.com\/de\/nachrichten\/ee-exclusives-goes-milano-4-9-april-2017\/"]}]},{"@type":"ImageObject","inLanguage":"de","@id":"https:\/\/www.eelabels.com\/de\/nachrichten\/ee-exclusives-goes-milano-4-9-april-2017\/#primaryimage","url":"https:\/\/www.eelabels.com\/\/wp-content\/uploads\/2017\/02\/MASTERLY2016_PAVILION_LOGO-300x300.jpg","contentUrl":"https:\/\/www.eelabels.com\/\/wp-content\/uploads\/2017\/02\/MASTERLY2016_PAVILION_LOGO-300x300.jpg"},{"@type":"BreadcrumbList","@id":"https:\/\/www.eelabels.com\/de\/nachrichten\/ee-exclusives-goes-milano-4-9-april-2017\/#breadcrumb","itemListElement":[{"@type":"ListItem","position":1,"name":"Home","item":"https:\/\/www.eelabels.com\/de\/"},{"@type":"ListItem","position":2,"name":"EE Exclusives goes Milano, 4. &#8211; 9. April 2017"}]},{"@type":"WebSite","@id":"https:\/\/www.eelabels.com\/#website","url":"https:\/\/www.eelabels.com\/","name":"EE Labels","description":"Specialist in geweven labels, gedrukte labels, hangtags &amp; branding","potentialAction":[{"@type":"SearchAction","target":{"@type":"EntryPoint","urlTemplate":"https:\/\/www.eelabels.com\/?s={search_term_string}"},"query-input":{"@type":"PropertyValueSpecification","valueRequired":true,"valueName":"search_term_string"}}],"inLanguage":"de"},{"@type":"Person","@id":"https:\/\/www.eelabels.com\/#\/schema\/person\/390a3a843426d202ab99b01bc0ad1804","name":"admin","image":{"@type":"ImageObject","inLanguage":"de","@id":"https:\/\/www.eelabels.com\/#\/schema\/person\/image\/","url":"https:\/\/secure.gravatar.com\/avatar\/7560ea5a5dc5d267f15097a16d02c505?s=96&d=mm&r=g","contentUrl":"https:\/\/secure.gravatar.com\/avatar\/7560ea5a5dc5d267f15097a16d02c505?s=96&d=mm&r=g","caption":"admin"},"url":"https:\/\/www.eelabels.com\/de\/author\/admin\/"}]}},"_links":{"self":[{"href":"https:\/\/www.eelabels.com\/de\/wp-json\/wp\/v2\/posts\/13462","targetHints":{"allow":["GET"]}}],"collection":[{"href":"https:\/\/www.eelabels.com\/de\/wp-json\/wp\/v2\/posts"}],"about":[{"href":"https:\/\/www.eelabels.com\/de\/wp-json\/wp\/v2\/types\/post"}],"author":[{"embeddable":true,"href":"https:\/\/www.eelabels.com\/de\/wp-json\/wp\/v2\/users\/1"}],"replies":[{"embeddable":true,"href":"https:\/\/www.eelabels.com\/de\/wp-json\/wp\/v2\/comments?post=13462"}],"version-history":[{"count":1,"href":"https:\/\/www.eelabels.com\/de\/wp-json\/wp\/v2\/posts\/13462\/revisions"}],"predecessor-version":[{"id":17394,"href":"https:\/\/www.eelabels.com\/de\/wp-json\/wp\/v2\/posts\/13462\/revisions\/17394"}],"wp:attachment":[{"href":"https:\/\/www.eelabels.com\/de\/wp-json\/wp\/v2\/media?parent=13462"}],"wp:term":[{"taxonomy":"category","embeddable":true,"href":"https:\/\/www.eelabels.com\/de\/wp-json\/wp\/v2\/categories?post=13462"},{"taxonomy":"post_tag","embeddable":true,"href":"https:\/\/www.eelabels.com\/de\/wp-json\/wp\/v2\/tags?post=13462"}],"curies":[{"name":"wp","href":"https:\/\/api.w.org\/{rel}","templated":true}]}}