{"id":21050,"date":"2021-09-30T12:27:37","date_gmt":"2021-09-30T12:27:37","guid":{"rendered":"https:\/\/www.eelabels.com?p=21050"},"modified":"2025-02-21T09:48:01","modified_gmt":"2025-02-21T09:48:01","slug":"trendbericht-premiere-vision","status":"publish","type":"post","link":"https:\/\/www.eelabels.com\/de\/nachrichten\/trendbericht-premiere-vision\/","title":{"rendered":"Trendbericht Premi\u00e8re Vision"},"content":{"rendered":"<p>Nach vielen Monaten war es sch\u00f6n, wieder auf der Messe und in der Stadt zu sein. Premi\u00e8re Vision ist die Quelle der Inspiration und der Kreation, schafft Begegnungen und ist der Beschleuniger f\u00fcr die globale Modeindustrie. Lieferantenpr\u00e4sentieren ihre Kollektionen, Profisentdecken neue M\u00f6glichkeiten. Die Atmosph\u00e4re war gut, bunt und fr\u00f6hlich, und eine Blaskapelle spielte ihre Melodien.<\/p>\n<p><img loading=\"lazy\" decoding=\"async\" class=\"alignnone wp-image-20929\" src=\"https:\/\/www.eelabels.com\/\/wp-content\/uploads\/2021\/09\/01-PV-04-1-300x300.jpg\" alt=\"\" width=\"350\" height=\"350\" \/>\u00a0\u00a0<img loading=\"lazy\" decoding=\"async\" class=\"alignnone wp-image-20923\" src=\"https:\/\/www.eelabels.com\/\/wp-content\/uploads\/2021\/09\/04-PV-trends-04-300x300.jpg\" alt=\"\" width=\"350\" height=\"350\" \/><\/p>\n<h2>TRENDS UND EINDR\u00dcCKE<\/h2>\n<p>Der allgemeine Eindruck von Trends und Produkten auf der Messe: Wir h\u00f6rten Kommentare wie &#8222;nicht viel Neues&#8220; und &#8222;Mangel an Innovation&#8220;.<\/p>\n<p>Es freut mich zu sehen, wo wir als Unternehmen stehen, den Trends voraus, auf unserem Weg zur Kreislaufwirtschaft.<\/p>\n<p>Konklusionf\u00fcr unsere Kunden: Bleiben Sie auf Kurs! W\u00e4hlen Sie die richtigen Materialien f\u00fcr die Herstellung von Monomaterialien (100 % nat\u00fcrliche Produkte oder 100 % synthetische Produkte) und denken Sie \u00fcber die Kommunikation des Inhalts Ihres Produkts nach.<\/p>\n<p>\ud83c\udf43 <a href=\"https:\/\/www.eelabels.com\/de\/produkten\/bio-etiketten\/\">Bio-Etiketten<\/a> aus 100% Baumwolle<br \/>\n\ud83c\udf7c <a href=\"https:\/\/www.eelabels.com\/de\/produkten\/gewebte-etiketten\/\">Recycelte PET-Etiketten<\/a> aus Polyester<br \/>\n\ud83d\udcf1 <a href=\"https:\/\/www.eelabels.com\/de\/produkten\/qr-etiketten\/\">QR-Codes<\/a> mit einem Produktpass<\/p>\n<p><img loading=\"lazy\" decoding=\"async\" class=\"alignnone wp-image-20935\" src=\"https:\/\/www.eelabels.com\/\/wp-content\/uploads\/2021\/09\/03-PV-03-1-300x300.jpg\" alt=\"\" width=\"350\" height=\"350\" \/>\u00a0 <img loading=\"lazy\" decoding=\"async\" class=\"alignnone wp-image-20932\" src=\"https:\/\/www.eelabels.com\/\/wp-content\/uploads\/2021\/09\/02-PV-02-1-300x300.jpg\" alt=\"\" width=\"350\" height=\"350\" \/><\/p>\n","protected":false},"excerpt":{"rendered":"<p>Nach vielen Monaten war es sch\u00f6n, wieder auf der Messe und in der Stadt zu sein. Premi\u00e8re Vision ist die Quelle der Inspiration und der Kreation, schafft Begegnungen und ist der Beschleuniger f\u00fcr die globale Modeindustrie. Lieferantenpr\u00e4sentieren ihre Kollektionen, Profisentdecken neue M\u00f6glichkeiten. Die Atmosph\u00e4re war gut, bunt und fr\u00f6hlich, und eine Blaskapelle spielte ihre Melodien. [&#8230;]<\/p>\n<p><a class=\"btn btn-dark understrap-read-more-link\" href=\"https:\/\/www.eelabels.com\/de\/nachrichten\/trendbericht-premiere-vision\/\">Weiterlesen\u00a0\u2026<span class=\"screen-reader-text\"> from Trendbericht Premi\u00e8re Vision<\/span><\/a><\/p>\n","protected":false},"author":5,"featured_media":20933,"comment_status":"closed","ping_status":"open","sticky":false,"template":"","format":"standard","meta":{"_acf_changed":false,"footnotes":""},"categories":[87],"tags":[],"class_list":["post-21050","post","type-post","status-publish","format-standard","has-post-thumbnail","hentry","category-nachrichten"],"acf":[],"yoast_head":"<!-- This site is optimized with the Yoast SEO plugin v24.6 - https:\/\/yoast.com\/wordpress\/plugins\/seo\/ -->\n<title>Trendbericht Premi\u00e8re Vision - EE Labels<\/title>\n<meta name=\"robots\" content=\"index, follow, max-snippet:-1, max-image-preview:large, max-video-preview:-1\" \/>\n<link rel=\"canonical\" href=\"https:\/\/www.eelabels.com\/de\/nachrichten\/trendbericht-premiere-vision\/\" \/>\n<meta property=\"og:locale\" content=\"de_DE\" \/>\n<meta property=\"og:type\" content=\"article\" \/>\n<meta property=\"og:title\" content=\"Trendbericht Premi\u00e8re Vision - EE Labels\" \/>\n<meta property=\"og:description\" content=\"Nach vielen Monaten war es sch\u00f6n, wieder auf der Messe und in der Stadt zu sein. Premi\u00e8re Vision ist die Quelle der Inspiration und der Kreation, schafft Begegnungen und ist der Beschleuniger f\u00fcr die globale Modeindustrie. Lieferantenpr\u00e4sentieren ihre Kollektionen, Profisentdecken neue M\u00f6glichkeiten. Die Atmosph\u00e4re war gut, bunt und fr\u00f6hlich, und eine Blaskapelle spielte ihre Melodien. [...]Weiterlesen\u00a0\u2026 from Trendbericht Premi\u00e8re Vision\" \/>\n<meta property=\"og:url\" content=\"https:\/\/www.eelabels.com\/de\/nachrichten\/trendbericht-premiere-vision\/\" \/>\n<meta property=\"og:site_name\" content=\"EE Labels\" \/>\n<meta property=\"article:published_time\" content=\"2021-09-30T12:27:37+00:00\" \/>\n<meta property=\"article:modified_time\" content=\"2025-02-21T09:48:01+00:00\" \/>\n<meta property=\"og:image\" content=\"https:\/\/www.eelabels.com\/wp-content\/uploads\/2021\/09\/02-PV-02-1.jpg\" \/>\n\t<meta property=\"og:image:width\" content=\"1000\" \/>\n\t<meta property=\"og:image:height\" content=\"1000\" \/>\n\t<meta property=\"og:image:type\" content=\"image\/jpeg\" \/>\n<meta name=\"author\" content=\"Marloes Evers\" \/>\n<meta name=\"twitter:card\" content=\"summary_large_image\" \/>\n<meta name=\"twitter:label1\" content=\"Verfasst von\" \/>\n\t<meta name=\"twitter:data1\" content=\"Marloes Evers\" \/>\n\t<meta name=\"twitter:label2\" content=\"Gesch\u00e4tzte Lesezeit\" \/>\n\t<meta name=\"twitter:data2\" content=\"1\u00a0Minute\" \/>\n<script type=\"application\/ld+json\" class=\"yoast-schema-graph\">{\"@context\":\"https:\/\/schema.org\",\"@graph\":[{\"@type\":\"WebPage\",\"@id\":\"https:\/\/www.eelabels.com\/de\/nachrichten\/trendbericht-premiere-vision\/\",\"url\":\"https:\/\/www.eelabels.com\/de\/nachrichten\/trendbericht-premiere-vision\/\",\"name\":\"Trendbericht Premi\u00e8re Vision - EE Labels\",\"isPartOf\":{\"@id\":\"https:\/\/www.eelabels.com\/#website\"},\"primaryImageOfPage\":{\"@id\":\"https:\/\/www.eelabels.com\/de\/nachrichten\/trendbericht-premiere-vision\/#primaryimage\"},\"image\":{\"@id\":\"https:\/\/www.eelabels.com\/de\/nachrichten\/trendbericht-premiere-vision\/#primaryimage\"},\"thumbnailUrl\":\"https:\/\/www.eelabels.com\/wp-content\/uploads\/2021\/09\/02-PV-02-1.jpg\",\"datePublished\":\"2021-09-30T12:27:37+00:00\",\"dateModified\":\"2025-02-21T09:48:01+00:00\",\"author\":{\"@id\":\"https:\/\/www.eelabels.com\/#\/schema\/person\/80606de7a921cba309842722cae5faf1\"},\"breadcrumb\":{\"@id\":\"https:\/\/www.eelabels.com\/de\/nachrichten\/trendbericht-premiere-vision\/#breadcrumb\"},\"inLanguage\":\"de\",\"potentialAction\":[{\"@type\":\"ReadAction\",\"target\":[\"https:\/\/www.eelabels.com\/de\/nachrichten\/trendbericht-premiere-vision\/\"]}]},{\"@type\":\"ImageObject\",\"inLanguage\":\"de\",\"@id\":\"https:\/\/www.eelabels.com\/de\/nachrichten\/trendbericht-premiere-vision\/#primaryimage\",\"url\":\"https:\/\/www.eelabels.com\/wp-content\/uploads\/2021\/09\/02-PV-02-1.jpg\",\"contentUrl\":\"https:\/\/www.eelabels.com\/wp-content\/uploads\/2021\/09\/02-PV-02-1.jpg\",\"width\":1000,\"height\":1000},{\"@type\":\"BreadcrumbList\",\"@id\":\"https:\/\/www.eelabels.com\/de\/nachrichten\/trendbericht-premiere-vision\/#breadcrumb\",\"itemListElement\":[{\"@type\":\"ListItem\",\"position\":1,\"name\":\"Home\",\"item\":\"https:\/\/www.eelabels.com\/de\/\"},{\"@type\":\"ListItem\",\"position\":2,\"name\":\"Trendbericht Premi\u00e8re Vision\"}]},{\"@type\":\"WebSite\",\"@id\":\"https:\/\/www.eelabels.com\/#website\",\"url\":\"https:\/\/www.eelabels.com\/\",\"name\":\"EE Labels\",\"description\":\"Specialist in geweven labels, gedrukte labels, hangtags &amp; branding\",\"potentialAction\":[{\"@type\":\"SearchAction\",\"target\":{\"@type\":\"EntryPoint\",\"urlTemplate\":\"https:\/\/www.eelabels.com\/?s={search_term_string}\"},\"query-input\":{\"@type\":\"PropertyValueSpecification\",\"valueRequired\":true,\"valueName\":\"search_term_string\"}}],\"inLanguage\":\"de\"},{\"@type\":\"Person\",\"@id\":\"https:\/\/www.eelabels.com\/#\/schema\/person\/80606de7a921cba309842722cae5faf1\",\"name\":\"Marloes Evers\",\"image\":{\"@type\":\"ImageObject\",\"inLanguage\":\"de\",\"@id\":\"https:\/\/www.eelabels.com\/#\/schema\/person\/image\/\",\"url\":\"https:\/\/secure.gravatar.com\/avatar\/4fc8a04bb87821dd1b5aea593fbc76e5?s=96&d=mm&r=g\",\"contentUrl\":\"https:\/\/secure.gravatar.com\/avatar\/4fc8a04bb87821dd1b5aea593fbc76e5?s=96&d=mm&r=g\",\"caption\":\"Marloes Evers\"},\"url\":\"https:\/\/www.eelabels.com\/de\/author\/marloes-evers\/\"}]}<\/script>\n<!-- \/ Yoast SEO plugin. -->","yoast_head_json":{"title":"Trendbericht Premi\u00e8re Vision - EE Labels","robots":{"index":"index","follow":"follow","max-snippet":"max-snippet:-1","max-image-preview":"max-image-preview:large","max-video-preview":"max-video-preview:-1"},"canonical":"https:\/\/www.eelabels.com\/de\/nachrichten\/trendbericht-premiere-vision\/","og_locale":"de_DE","og_type":"article","og_title":"Trendbericht Premi\u00e8re Vision - EE Labels","og_description":"Nach vielen Monaten war es sch\u00f6n, wieder auf der Messe und in der Stadt zu sein. Premi\u00e8re Vision ist die Quelle der Inspiration und der Kreation, schafft Begegnungen und ist der Beschleuniger f\u00fcr die globale Modeindustrie. Lieferantenpr\u00e4sentieren ihre Kollektionen, Profisentdecken neue M\u00f6glichkeiten. Die Atmosph\u00e4re war gut, bunt und fr\u00f6hlich, und eine Blaskapelle spielte ihre Melodien. [...]Weiterlesen\u00a0\u2026 from Trendbericht Premi\u00e8re Vision","og_url":"https:\/\/www.eelabels.com\/de\/nachrichten\/trendbericht-premiere-vision\/","og_site_name":"EE Labels","article_published_time":"2021-09-30T12:27:37+00:00","article_modified_time":"2025-02-21T09:48:01+00:00","og_image":[{"width":1000,"height":1000,"url":"https:\/\/www.eelabels.com\/wp-content\/uploads\/2021\/09\/02-PV-02-1.jpg","type":"image\/jpeg"}],"author":"Marloes Evers","twitter_card":"summary_large_image","twitter_misc":{"Verfasst von":"Marloes Evers","Gesch\u00e4tzte Lesezeit":"1\u00a0Minute"},"schema":{"@context":"https:\/\/schema.org","@graph":[{"@type":"WebPage","@id":"https:\/\/www.eelabels.com\/de\/nachrichten\/trendbericht-premiere-vision\/","url":"https:\/\/www.eelabels.com\/de\/nachrichten\/trendbericht-premiere-vision\/","name":"Trendbericht Premi\u00e8re Vision - EE Labels","isPartOf":{"@id":"https:\/\/www.eelabels.com\/#website"},"primaryImageOfPage":{"@id":"https:\/\/www.eelabels.com\/de\/nachrichten\/trendbericht-premiere-vision\/#primaryimage"},"image":{"@id":"https:\/\/www.eelabels.com\/de\/nachrichten\/trendbericht-premiere-vision\/#primaryimage"},"thumbnailUrl":"https:\/\/www.eelabels.com\/wp-content\/uploads\/2021\/09\/02-PV-02-1.jpg","datePublished":"2021-09-30T12:27:37+00:00","dateModified":"2025-02-21T09:48:01+00:00","author":{"@id":"https:\/\/www.eelabels.com\/#\/schema\/person\/80606de7a921cba309842722cae5faf1"},"breadcrumb":{"@id":"https:\/\/www.eelabels.com\/de\/nachrichten\/trendbericht-premiere-vision\/#breadcrumb"},"inLanguage":"de","potentialAction":[{"@type":"ReadAction","target":["https:\/\/www.eelabels.com\/de\/nachrichten\/trendbericht-premiere-vision\/"]}]},{"@type":"ImageObject","inLanguage":"de","@id":"https:\/\/www.eelabels.com\/de\/nachrichten\/trendbericht-premiere-vision\/#primaryimage","url":"https:\/\/www.eelabels.com\/wp-content\/uploads\/2021\/09\/02-PV-02-1.jpg","contentUrl":"https:\/\/www.eelabels.com\/wp-content\/uploads\/2021\/09\/02-PV-02-1.jpg","width":1000,"height":1000},{"@type":"BreadcrumbList","@id":"https:\/\/www.eelabels.com\/de\/nachrichten\/trendbericht-premiere-vision\/#breadcrumb","itemListElement":[{"@type":"ListItem","position":1,"name":"Home","item":"https:\/\/www.eelabels.com\/de\/"},{"@type":"ListItem","position":2,"name":"Trendbericht Premi\u00e8re Vision"}]},{"@type":"WebSite","@id":"https:\/\/www.eelabels.com\/#website","url":"https:\/\/www.eelabels.com\/","name":"EE Labels","description":"Specialist in geweven labels, gedrukte labels, hangtags &amp; branding","potentialAction":[{"@type":"SearchAction","target":{"@type":"EntryPoint","urlTemplate":"https:\/\/www.eelabels.com\/?s={search_term_string}"},"query-input":{"@type":"PropertyValueSpecification","valueRequired":true,"valueName":"search_term_string"}}],"inLanguage":"de"},{"@type":"Person","@id":"https:\/\/www.eelabels.com\/#\/schema\/person\/80606de7a921cba309842722cae5faf1","name":"Marloes Evers","image":{"@type":"ImageObject","inLanguage":"de","@id":"https:\/\/www.eelabels.com\/#\/schema\/person\/image\/","url":"https:\/\/secure.gravatar.com\/avatar\/4fc8a04bb87821dd1b5aea593fbc76e5?s=96&d=mm&r=g","contentUrl":"https:\/\/secure.gravatar.com\/avatar\/4fc8a04bb87821dd1b5aea593fbc76e5?s=96&d=mm&r=g","caption":"Marloes Evers"},"url":"https:\/\/www.eelabels.com\/de\/author\/marloes-evers\/"}]}},"_links":{"self":[{"href":"https:\/\/www.eelabels.com\/de\/wp-json\/wp\/v2\/posts\/21050","targetHints":{"allow":["GET"]}}],"collection":[{"href":"https:\/\/www.eelabels.com\/de\/wp-json\/wp\/v2\/posts"}],"about":[{"href":"https:\/\/www.eelabels.com\/de\/wp-json\/wp\/v2\/types\/post"}],"author":[{"embeddable":true,"href":"https:\/\/www.eelabels.com\/de\/wp-json\/wp\/v2\/users\/5"}],"replies":[{"embeddable":true,"href":"https:\/\/www.eelabels.com\/de\/wp-json\/wp\/v2\/comments?post=21050"}],"version-history":[{"count":3,"href":"https:\/\/www.eelabels.com\/de\/wp-json\/wp\/v2\/posts\/21050\/revisions"}],"predecessor-version":[{"id":21053,"href":"https:\/\/www.eelabels.com\/de\/wp-json\/wp\/v2\/posts\/21050\/revisions\/21053"}],"wp:featuredmedia":[{"embeddable":true,"href":"https:\/\/www.eelabels.com\/de\/wp-json\/wp\/v2\/media\/20933"}],"wp:attachment":[{"href":"https:\/\/www.eelabels.com\/de\/wp-json\/wp\/v2\/media?parent=21050"}],"wp:term":[{"taxonomy":"category","embeddable":true,"href":"https:\/\/www.eelabels.com\/de\/wp-json\/wp\/v2\/categories?post=21050"},{"taxonomy":"post_tag","embeddable":true,"href":"https:\/\/www.eelabels.com\/de\/wp-json\/wp\/v2\/tags?post=21050"}],"curies":[{"name":"wp","href":"https:\/\/api.w.org\/{rel}","templated":true}]}}