{"id":22521,"date":"2024-07-24T10:28:13","date_gmt":"2024-07-24T10:28:13","guid":{"rendered":"https:\/\/www.eelabels.com?p=22521"},"modified":"2025-02-21T09:47:54","modified_gmt":"2025-02-21T09:47:54","slug":"sommerschliessung-produktion","status":"publish","type":"post","link":"https:\/\/www.eelabels.com\/de\/nachrichten\/sommerschliessung-produktion\/","title":{"rendered":"Sommer\u00f6ffnungszeiten"},"content":{"rendered":"<p>Vom 29. Juli bis 9. August ist unsere Produktion in den Niederlanden geschlossen.<br \/>\nAn den anderen Produktionsstandorten wird die Arbeit wie gewohnt fortgesetzt. <strong>Unser Kundenservice steht Ihnen den ganzen Sommer \u00fcber zur Verf\u00fcgung.<\/strong><\/p>\n<p>Kontaktieren Sie uns unter: <a href=\"mailto:info@eelabels.nl\">info@eelabels.nl<\/a> oder rufen Sie an unter +31(0)40 224 1144.<\/p>\n<p>Wir w\u00fcnschen Ihnen einen sch\u00f6nen Sommer!<\/p>\n<p><img loading=\"lazy\" decoding=\"async\" class=\"alignnone wp-image-22502\" src=\"https:\/\/www.eelabels.com\/\/wp-content\/uploads\/2022\/07\/summer_2022_eelabels_zomer_vierkant_vs2-min.gif\" alt=\"\" width=\"500\" height=\"500\" \/><\/p>\n","protected":false},"excerpt":{"rendered":"<p>Vom 29. Juli bis 9. August ist unsere Produktion in den Niederlanden geschlossen. An den anderen Produktionsstandorten wird die Arbeit wie gewohnt fortgesetzt. Unser Kundenservice steht Ihnen den ganzen Sommer \u00fcber zur Verf\u00fcgung. Kontaktieren Sie uns unter: info@eelabels.nl oder rufen Sie an unter +31(0)40 224 1144. Wir w\u00fcnschen Ihnen einen sch\u00f6nen Sommer! [&#8230;]<\/p>\n<p><a class=\"btn btn-dark understrap-read-more-link\" href=\"https:\/\/www.eelabels.com\/de\/nachrichten\/sommerschliessung-produktion\/\">Weiterlesen\u00a0\u2026<span class=\"screen-reader-text\"> from Sommer\u00f6ffnungszeiten<\/span><\/a><\/p>\n","protected":false},"author":5,"featured_media":22502,"comment_status":"closed","ping_status":"open","sticky":false,"template":"","format":"standard","meta":{"_acf_changed":false,"footnotes":""},"categories":[87],"tags":[],"class_list":["post-22521","post","type-post","status-publish","format-standard","has-post-thumbnail","hentry","category-nachrichten"],"acf":[],"yoast_head":"<!-- This site is optimized with the Yoast SEO plugin v24.6 - https:\/\/yoast.com\/wordpress\/plugins\/seo\/ -->\n<title>Sommer\u00f6ffnungszeiten - EE Labels<\/title>\n<meta name=\"robots\" content=\"index, follow, max-snippet:-1, max-image-preview:large, max-video-preview:-1\" \/>\n<link rel=\"canonical\" href=\"https:\/\/www.eelabels.com\/de\/nachrichten\/sommerschliessung-produktion\/\" \/>\n<meta property=\"og:locale\" content=\"de_DE\" \/>\n<meta property=\"og:type\" content=\"article\" \/>\n<meta property=\"og:title\" content=\"Sommer\u00f6ffnungszeiten - EE Labels\" \/>\n<meta property=\"og:description\" content=\"Vom 29. Juli bis 9. August ist unsere Produktion in den Niederlanden geschlossen. An den anderen Produktionsstandorten wird die Arbeit wie gewohnt fortgesetzt. Unser Kundenservice steht Ihnen den ganzen Sommer \u00fcber zur Verf\u00fcgung. Kontaktieren Sie uns unter: info@eelabels.nl oder rufen Sie an unter +31(0)40 224 1144. Wir w\u00fcnschen Ihnen einen sch\u00f6nen Sommer! [...]Weiterlesen\u00a0\u2026 from Sommer\u00f6ffnungszeiten\" \/>\n<meta property=\"og:url\" content=\"https:\/\/www.eelabels.com\/de\/nachrichten\/sommerschliessung-produktion\/\" \/>\n<meta property=\"og:site_name\" content=\"EE Labels\" \/>\n<meta property=\"article:published_time\" content=\"2024-07-24T10:28:13+00:00\" \/>\n<meta property=\"article:modified_time\" content=\"2025-02-21T09:47:54+00:00\" \/>\n<meta property=\"og:image\" content=\"https:\/\/www.eelabels.com\/wp-content\/uploads\/2022\/07\/summer_2022_eelabels_zomer_vierkant_vs2-min.gif\" \/>\n\t<meta property=\"og:image:width\" content=\"200\" \/>\n\t<meta property=\"og:image:height\" content=\"200\" \/>\n\t<meta property=\"og:image:type\" content=\"image\/gif\" \/>\n<meta name=\"author\" content=\"Marloes Evers\" \/>\n<meta name=\"twitter:card\" content=\"summary_large_image\" \/>\n<meta name=\"twitter:label1\" content=\"Verfasst von\" \/>\n\t<meta name=\"twitter:data1\" content=\"Marloes Evers\" \/>\n\t<meta name=\"twitter:label2\" content=\"Gesch\u00e4tzte Lesezeit\" \/>\n\t<meta name=\"twitter:data2\" content=\"1\u00a0Minute\" \/>\n<script type=\"application\/ld+json\" class=\"yoast-schema-graph\">{\"@context\":\"https:\/\/schema.org\",\"@graph\":[{\"@type\":\"WebPage\",\"@id\":\"https:\/\/www.eelabels.com\/de\/nachrichten\/sommerschliessung-produktion\/\",\"url\":\"https:\/\/www.eelabels.com\/de\/nachrichten\/sommerschliessung-produktion\/\",\"name\":\"Sommer\u00f6ffnungszeiten - EE Labels\",\"isPartOf\":{\"@id\":\"https:\/\/www.eelabels.com\/#website\"},\"primaryImageOfPage\":{\"@id\":\"https:\/\/www.eelabels.com\/de\/nachrichten\/sommerschliessung-produktion\/#primaryimage\"},\"image\":{\"@id\":\"https:\/\/www.eelabels.com\/de\/nachrichten\/sommerschliessung-produktion\/#primaryimage\"},\"thumbnailUrl\":\"https:\/\/www.eelabels.com\/wp-content\/uploads\/2022\/07\/summer_2022_eelabels_zomer_vierkant_vs2-min.gif\",\"datePublished\":\"2024-07-24T10:28:13+00:00\",\"dateModified\":\"2025-02-21T09:47:54+00:00\",\"author\":{\"@id\":\"https:\/\/www.eelabels.com\/#\/schema\/person\/80606de7a921cba309842722cae5faf1\"},\"breadcrumb\":{\"@id\":\"https:\/\/www.eelabels.com\/de\/nachrichten\/sommerschliessung-produktion\/#breadcrumb\"},\"inLanguage\":\"de\",\"potentialAction\":[{\"@type\":\"ReadAction\",\"target\":[\"https:\/\/www.eelabels.com\/de\/nachrichten\/sommerschliessung-produktion\/\"]}]},{\"@type\":\"ImageObject\",\"inLanguage\":\"de\",\"@id\":\"https:\/\/www.eelabels.com\/de\/nachrichten\/sommerschliessung-produktion\/#primaryimage\",\"url\":\"https:\/\/www.eelabels.com\/wp-content\/uploads\/2022\/07\/summer_2022_eelabels_zomer_vierkant_vs2-min.gif\",\"contentUrl\":\"https:\/\/www.eelabels.com\/wp-content\/uploads\/2022\/07\/summer_2022_eelabels_zomer_vierkant_vs2-min.gif\",\"width\":200,\"height\":200},{\"@type\":\"BreadcrumbList\",\"@id\":\"https:\/\/www.eelabels.com\/de\/nachrichten\/sommerschliessung-produktion\/#breadcrumb\",\"itemListElement\":[{\"@type\":\"ListItem\",\"position\":1,\"name\":\"Home\",\"item\":\"https:\/\/www.eelabels.com\/de\/\"},{\"@type\":\"ListItem\",\"position\":2,\"name\":\"Sommer\u00f6ffnungszeiten\"}]},{\"@type\":\"WebSite\",\"@id\":\"https:\/\/www.eelabels.com\/#website\",\"url\":\"https:\/\/www.eelabels.com\/\",\"name\":\"EE Labels\",\"description\":\"Specialist in geweven labels, gedrukte labels, hangtags &amp; branding\",\"potentialAction\":[{\"@type\":\"SearchAction\",\"target\":{\"@type\":\"EntryPoint\",\"urlTemplate\":\"https:\/\/www.eelabels.com\/?s={search_term_string}\"},\"query-input\":{\"@type\":\"PropertyValueSpecification\",\"valueRequired\":true,\"valueName\":\"search_term_string\"}}],\"inLanguage\":\"de\"},{\"@type\":\"Person\",\"@id\":\"https:\/\/www.eelabels.com\/#\/schema\/person\/80606de7a921cba309842722cae5faf1\",\"name\":\"Marloes Evers\",\"image\":{\"@type\":\"ImageObject\",\"inLanguage\":\"de\",\"@id\":\"https:\/\/www.eelabels.com\/#\/schema\/person\/image\/\",\"url\":\"https:\/\/secure.gravatar.com\/avatar\/4fc8a04bb87821dd1b5aea593fbc76e5?s=96&d=mm&r=g\",\"contentUrl\":\"https:\/\/secure.gravatar.com\/avatar\/4fc8a04bb87821dd1b5aea593fbc76e5?s=96&d=mm&r=g\",\"caption\":\"Marloes Evers\"},\"url\":\"https:\/\/www.eelabels.com\/de\/author\/marloes-evers\/\"}]}<\/script>\n<!-- \/ Yoast SEO plugin. -->","yoast_head_json":{"title":"Sommer\u00f6ffnungszeiten - EE Labels","robots":{"index":"index","follow":"follow","max-snippet":"max-snippet:-1","max-image-preview":"max-image-preview:large","max-video-preview":"max-video-preview:-1"},"canonical":"https:\/\/www.eelabels.com\/de\/nachrichten\/sommerschliessung-produktion\/","og_locale":"de_DE","og_type":"article","og_title":"Sommer\u00f6ffnungszeiten - EE Labels","og_description":"Vom 29. Juli bis 9. August ist unsere Produktion in den Niederlanden geschlossen. An den anderen Produktionsstandorten wird die Arbeit wie gewohnt fortgesetzt. Unser Kundenservice steht Ihnen den ganzen Sommer \u00fcber zur Verf\u00fcgung. Kontaktieren Sie uns unter: info@eelabels.nl oder rufen Sie an unter +31(0)40 224 1144. Wir w\u00fcnschen Ihnen einen sch\u00f6nen Sommer! [...]Weiterlesen\u00a0\u2026 from Sommer\u00f6ffnungszeiten","og_url":"https:\/\/www.eelabels.com\/de\/nachrichten\/sommerschliessung-produktion\/","og_site_name":"EE Labels","article_published_time":"2024-07-24T10:28:13+00:00","article_modified_time":"2025-02-21T09:47:54+00:00","og_image":[{"width":200,"height":200,"url":"https:\/\/www.eelabels.com\/wp-content\/uploads\/2022\/07\/summer_2022_eelabels_zomer_vierkant_vs2-min.gif","type":"image\/gif"}],"author":"Marloes Evers","twitter_card":"summary_large_image","twitter_misc":{"Verfasst von":"Marloes Evers","Gesch\u00e4tzte Lesezeit":"1\u00a0Minute"},"schema":{"@context":"https:\/\/schema.org","@graph":[{"@type":"WebPage","@id":"https:\/\/www.eelabels.com\/de\/nachrichten\/sommerschliessung-produktion\/","url":"https:\/\/www.eelabels.com\/de\/nachrichten\/sommerschliessung-produktion\/","name":"Sommer\u00f6ffnungszeiten - EE Labels","isPartOf":{"@id":"https:\/\/www.eelabels.com\/#website"},"primaryImageOfPage":{"@id":"https:\/\/www.eelabels.com\/de\/nachrichten\/sommerschliessung-produktion\/#primaryimage"},"image":{"@id":"https:\/\/www.eelabels.com\/de\/nachrichten\/sommerschliessung-produktion\/#primaryimage"},"thumbnailUrl":"https:\/\/www.eelabels.com\/wp-content\/uploads\/2022\/07\/summer_2022_eelabels_zomer_vierkant_vs2-min.gif","datePublished":"2024-07-24T10:28:13+00:00","dateModified":"2025-02-21T09:47:54+00:00","author":{"@id":"https:\/\/www.eelabels.com\/#\/schema\/person\/80606de7a921cba309842722cae5faf1"},"breadcrumb":{"@id":"https:\/\/www.eelabels.com\/de\/nachrichten\/sommerschliessung-produktion\/#breadcrumb"},"inLanguage":"de","potentialAction":[{"@type":"ReadAction","target":["https:\/\/www.eelabels.com\/de\/nachrichten\/sommerschliessung-produktion\/"]}]},{"@type":"ImageObject","inLanguage":"de","@id":"https:\/\/www.eelabels.com\/de\/nachrichten\/sommerschliessung-produktion\/#primaryimage","url":"https:\/\/www.eelabels.com\/wp-content\/uploads\/2022\/07\/summer_2022_eelabels_zomer_vierkant_vs2-min.gif","contentUrl":"https:\/\/www.eelabels.com\/wp-content\/uploads\/2022\/07\/summer_2022_eelabels_zomer_vierkant_vs2-min.gif","width":200,"height":200},{"@type":"BreadcrumbList","@id":"https:\/\/www.eelabels.com\/de\/nachrichten\/sommerschliessung-produktion\/#breadcrumb","itemListElement":[{"@type":"ListItem","position":1,"name":"Home","item":"https:\/\/www.eelabels.com\/de\/"},{"@type":"ListItem","position":2,"name":"Sommer\u00f6ffnungszeiten"}]},{"@type":"WebSite","@id":"https:\/\/www.eelabels.com\/#website","url":"https:\/\/www.eelabels.com\/","name":"EE Labels","description":"Specialist in geweven labels, gedrukte labels, hangtags &amp; branding","potentialAction":[{"@type":"SearchAction","target":{"@type":"EntryPoint","urlTemplate":"https:\/\/www.eelabels.com\/?s={search_term_string}"},"query-input":{"@type":"PropertyValueSpecification","valueRequired":true,"valueName":"search_term_string"}}],"inLanguage":"de"},{"@type":"Person","@id":"https:\/\/www.eelabels.com\/#\/schema\/person\/80606de7a921cba309842722cae5faf1","name":"Marloes Evers","image":{"@type":"ImageObject","inLanguage":"de","@id":"https:\/\/www.eelabels.com\/#\/schema\/person\/image\/","url":"https:\/\/secure.gravatar.com\/avatar\/4fc8a04bb87821dd1b5aea593fbc76e5?s=96&d=mm&r=g","contentUrl":"https:\/\/secure.gravatar.com\/avatar\/4fc8a04bb87821dd1b5aea593fbc76e5?s=96&d=mm&r=g","caption":"Marloes Evers"},"url":"https:\/\/www.eelabels.com\/de\/author\/marloes-evers\/"}]}},"_links":{"self":[{"href":"https:\/\/www.eelabels.com\/de\/wp-json\/wp\/v2\/posts\/22521","targetHints":{"allow":["GET"]}}],"collection":[{"href":"https:\/\/www.eelabels.com\/de\/wp-json\/wp\/v2\/posts"}],"about":[{"href":"https:\/\/www.eelabels.com\/de\/wp-json\/wp\/v2\/types\/post"}],"author":[{"embeddable":true,"href":"https:\/\/www.eelabels.com\/de\/wp-json\/wp\/v2\/users\/5"}],"replies":[{"embeddable":true,"href":"https:\/\/www.eelabels.com\/de\/wp-json\/wp\/v2\/comments?post=22521"}],"version-history":[{"count":6,"href":"https:\/\/www.eelabels.com\/de\/wp-json\/wp\/v2\/posts\/22521\/revisions"}],"predecessor-version":[{"id":24522,"href":"https:\/\/www.eelabels.com\/de\/wp-json\/wp\/v2\/posts\/22521\/revisions\/24522"}],"wp:featuredmedia":[{"embeddable":true,"href":"https:\/\/www.eelabels.com\/de\/wp-json\/wp\/v2\/media\/22502"}],"wp:attachment":[{"href":"https:\/\/www.eelabels.com\/de\/wp-json\/wp\/v2\/media?parent=22521"}],"wp:term":[{"taxonomy":"category","embeddable":true,"href":"https:\/\/www.eelabels.com\/de\/wp-json\/wp\/v2\/categories?post=22521"},{"taxonomy":"post_tag","embeddable":true,"href":"https:\/\/www.eelabels.com\/de\/wp-json\/wp\/v2\/tags?post=22521"}],"curies":[{"name":"wp","href":"https:\/\/api.w.org\/{rel}","templated":true}]}}