{"id":22581,"date":"2022-09-01T11:45:19","date_gmt":"2022-09-01T11:45:19","guid":{"rendered":"https:\/\/www.eelabels.com?p=22581"},"modified":"2025-02-21T09:47:59","modified_gmt":"2025-02-21T09:47:59","slug":"ein-digitaler-produktpass-circular-textile-days","status":"publish","type":"post","link":"https:\/\/www.eelabels.com\/de\/nachhaltigkeit\/ein-digitaler-produktpass-circular-textile-days\/","title":{"rendered":"Ein digitaler Produktpass &#8211; Circular Textile Days"},"content":{"rendered":"<p>Am 13. und 14. September wird EE Labels auf den Circular Textile Days vertreten sein. Erna Heymans erz\u00e4hlt Ihnen alles \u00fcber die M\u00f6glichkeiten eines digitalen Produktpasses. Kommen Sie uns besuchen? Lassen Sie es uns wissen, wir haben Optionen f\u00fcr freien Eintritt.<\/p>\n<p><strong>Was ist ein digitaler Produktpass?<\/strong><\/p>\n<p>Ein digitaler Produktpass ist die Verbindung zwischen einem physischen Produkt und der digitalen Welt.<\/p>\n<p><img loading=\"lazy\" decoding=\"async\" class=\"alignnone wp-image-22564 size-full\" src=\"https:\/\/www.eelabels.com\/\/wp-content\/uploads\/2022\/08\/ee-labels-circular-textile-days.jpg\" alt=\"\" width=\"500\" height=\"500\" srcset=\"https:\/\/www.eelabels.com\/wp-content\/uploads\/2022\/08\/ee-labels-circular-textile-days.jpg 500w, https:\/\/www.eelabels.com\/wp-content\/uploads\/2022\/08\/ee-labels-circular-textile-days-300x300.jpg 300w, https:\/\/www.eelabels.com\/wp-content\/uploads\/2022\/08\/ee-labels-circular-textile-days-150x150.jpg 150w\" sizes=\"auto, (max-width: 500px) 100vw, 500px\" \/><\/p>\n<p><strong>Implementierung eines digitalen Produktpasses<\/strong><\/p>\n<p>Sie beginnen mit der Implementierung eines Produktpasses? Dann verwenden Sie ein hochwertiges <a href=\"https:\/\/www.eelabels.com\/de\/produkten\/qr-etiketten\/\">QR-Etikett<\/a> in Ihrem Product. Dadurch bleibt es \u00fcber die gesamte Lebensdauer problemlos mit dem Produkt verbunden. W\u00e4hlen Sie ein weiches Etikett damit es nicht reizt.<\/p>\n<p><strong>M\u00f6glichkeiten eines digitalen Produktpasses<\/strong><\/p>\n<p>Ein digitaler Produktpass er\u00f6ffnet eine Welt voller M\u00f6glichkeiten.<\/p>\n<p>Sie k\u00f6nnen sehr einfach anfangen, nur mit den Produktinformationen und der Herkunft. \u00a0Au\u00dferdem k\u00f6nnen Sie auch Zertifikate zur \u00dcberpr\u00fcfung hinzuf\u00fcgen. Der digitale Produktpass besteht aus einer URL zu einer Webseite. Da kann man sehr viele Informationen unterbringen.<\/p>\n<p>Entscheiden Sie sich f\u00fcr einen eindeutigen <a href=\"https:\/\/www.eelabels.com\/de\/produkten\/qr-etiketten\/\">QR-Code<\/a> oder einen statischen Code? EE Labels freut sich, Ihnen mehr \u00fcber den Unterschied zu erz\u00e4hlen.<\/p>\n<p><strong>Einzigartiger QR-Code versus statischer QR-Code<\/strong><\/p>\n<p>Was ist der Unterschied zwischen einem eindeutigen QR-Code und einem statischen Code? Ein eindeutiger QR-Code bedeutet, dass Sie 1-zu-1 Informationen erhalten und diese mit dem Benutzer teilen k\u00f6nnen. Um die optimale Wirkung zu erzielen, erfordert dies jedoch viel Kenntnis \u00fcber die M\u00f6glichkeiten und eine Investition in das System. Zum Anfang ist eine statische <a href=\"https:\/\/www.eelabels.com\/de\/produkten\/qr-etiketten\/\">QR-Code<\/a> einfacher. Erstellen Sie eine Webseite pro Produkt oder Material und teilen Sie hier alle Informationen \u00fcber ein Product oder eine Productlinie mit.<\/p>\n<p><strong>Noch mehr M\u00f6glichkeiten eines digitalen Produktpasses:<\/strong><\/p>\n<p>&#8211; Volle Transparenz<br \/>\n&#8211; Kommunikation mit dem Benutzer<br \/>\n&#8211; Wiederverkauf und Upselling<br \/>\n&#8211; Zertifikate<br \/>\n&#8211; Echtheitsgarantie<br \/>\n&#8211; Reparaturservice<br \/>\n&#8211; Andere neue Gesch\u00e4ftsmodelle<\/p>\n<p><strong>Neugierig auf die M\u00f6glichkeiten f\u00fcr Ihr Unternehmen?<\/strong><\/p>\n<p>Mailen Sie <a href=\"mailto: erna@eelabels.nl\">Erna<\/a> f\u00fcr weitere Informationen.<\/p>\n<p>&nbsp;<\/p>\n<p>&nbsp;<\/p>\n","protected":false},"excerpt":{"rendered":"<p>Am 13. und 14. September wird EE Labels auf den Circular Textile Days vertreten sein. Erna Heymans erz\u00e4hlt Ihnen alles \u00fcber die M\u00f6glichkeiten eines digitalen Produktpasses. Kommen Sie uns besuchen? Lassen Sie es uns wissen, wir haben Optionen f\u00fcr freien Eintritt. Was ist ein digitaler Produktpass? Ein digitaler Produktpass ist die Verbindung zwischen einem physischen [&#8230;]<\/p>\n<p><a class=\"btn btn-dark understrap-read-more-link\" href=\"https:\/\/www.eelabels.com\/de\/nachhaltigkeit\/ein-digitaler-produktpass-circular-textile-days\/\">Weiterlesen\u00a0\u2026<span class=\"screen-reader-text\"> from Ein digitaler Produktpass &#8211; Circular Textile Days<\/span><\/a><\/p>\n","protected":false},"author":5,"featured_media":22564,"comment_status":"closed","ping_status":"open","sticky":false,"template":"","format":"standard","meta":{"_acf_changed":false,"footnotes":""},"categories":[83],"tags":[],"class_list":["post-22581","post","type-post","status-publish","format-standard","has-post-thumbnail","hentry","category-nachhaltigkeit"],"acf":[],"yoast_head":"<!-- This site is optimized with the Yoast SEO plugin v24.6 - https:\/\/yoast.com\/wordpress\/plugins\/seo\/ -->\n<title>Ein digitaler Produktpass - Circular Textile Days - EE Labels<\/title>\n<meta name=\"robots\" content=\"index, follow, max-snippet:-1, max-image-preview:large, max-video-preview:-1\" \/>\n<link rel=\"canonical\" href=\"https:\/\/www.eelabels.com\/de\/nachhaltigkeit\/ein-digitaler-produktpass-circular-textile-days\/\" \/>\n<meta property=\"og:locale\" content=\"de_DE\" \/>\n<meta property=\"og:type\" content=\"article\" \/>\n<meta property=\"og:title\" content=\"Ein digitaler Produktpass - Circular Textile Days - EE Labels\" \/>\n<meta property=\"og:description\" content=\"Am 13. und 14. September wird EE Labels auf den Circular Textile Days vertreten sein. Erna Heymans erz\u00e4hlt Ihnen alles \u00fcber die M\u00f6glichkeiten eines digitalen Produktpasses. Kommen Sie uns besuchen? Lassen Sie es uns wissen, wir haben Optionen f\u00fcr freien Eintritt. Was ist ein digitaler Produktpass? Ein digitaler Produktpass ist die Verbindung zwischen einem physischen [...]Weiterlesen\u00a0\u2026 from Ein digitaler Produktpass &#8211; Circular Textile Days\" \/>\n<meta property=\"og:url\" content=\"https:\/\/www.eelabels.com\/de\/nachhaltigkeit\/ein-digitaler-produktpass-circular-textile-days\/\" \/>\n<meta property=\"og:site_name\" content=\"EE Labels\" \/>\n<meta property=\"article:published_time\" content=\"2022-09-01T11:45:19+00:00\" \/>\n<meta property=\"article:modified_time\" content=\"2025-02-21T09:47:59+00:00\" \/>\n<meta property=\"og:image\" content=\"https:\/\/www.eelabels.com\/wp-content\/uploads\/2022\/08\/ee-labels-circular-textile-days.jpg\" \/>\n\t<meta property=\"og:image:width\" content=\"500\" \/>\n\t<meta property=\"og:image:height\" content=\"500\" \/>\n\t<meta property=\"og:image:type\" content=\"image\/jpeg\" \/>\n<meta name=\"author\" content=\"Marloes Evers\" \/>\n<meta name=\"twitter:card\" content=\"summary_large_image\" \/>\n<meta name=\"twitter:label1\" content=\"Verfasst von\" \/>\n\t<meta name=\"twitter:data1\" content=\"Marloes Evers\" \/>\n\t<meta name=\"twitter:label2\" content=\"Gesch\u00e4tzte Lesezeit\" \/>\n\t<meta name=\"twitter:data2\" content=\"2\u00a0Minuten\" \/>\n<script type=\"application\/ld+json\" class=\"yoast-schema-graph\">{\"@context\":\"https:\/\/schema.org\",\"@graph\":[{\"@type\":\"WebPage\",\"@id\":\"https:\/\/www.eelabels.com\/de\/nachhaltigkeit\/ein-digitaler-produktpass-circular-textile-days\/\",\"url\":\"https:\/\/www.eelabels.com\/de\/nachhaltigkeit\/ein-digitaler-produktpass-circular-textile-days\/\",\"name\":\"Ein digitaler Produktpass - Circular Textile Days - EE Labels\",\"isPartOf\":{\"@id\":\"https:\/\/www.eelabels.com\/#website\"},\"primaryImageOfPage\":{\"@id\":\"https:\/\/www.eelabels.com\/de\/nachhaltigkeit\/ein-digitaler-produktpass-circular-textile-days\/#primaryimage\"},\"image\":{\"@id\":\"https:\/\/www.eelabels.com\/de\/nachhaltigkeit\/ein-digitaler-produktpass-circular-textile-days\/#primaryimage\"},\"thumbnailUrl\":\"https:\/\/www.eelabels.com\/wp-content\/uploads\/2022\/08\/ee-labels-circular-textile-days.jpg\",\"datePublished\":\"2022-09-01T11:45:19+00:00\",\"dateModified\":\"2025-02-21T09:47:59+00:00\",\"author\":{\"@id\":\"https:\/\/www.eelabels.com\/#\/schema\/person\/80606de7a921cba309842722cae5faf1\"},\"breadcrumb\":{\"@id\":\"https:\/\/www.eelabels.com\/de\/nachhaltigkeit\/ein-digitaler-produktpass-circular-textile-days\/#breadcrumb\"},\"inLanguage\":\"de\",\"potentialAction\":[{\"@type\":\"ReadAction\",\"target\":[\"https:\/\/www.eelabels.com\/de\/nachhaltigkeit\/ein-digitaler-produktpass-circular-textile-days\/\"]}]},{\"@type\":\"ImageObject\",\"inLanguage\":\"de\",\"@id\":\"https:\/\/www.eelabels.com\/de\/nachhaltigkeit\/ein-digitaler-produktpass-circular-textile-days\/#primaryimage\",\"url\":\"https:\/\/www.eelabels.com\/wp-content\/uploads\/2022\/08\/ee-labels-circular-textile-days.jpg\",\"contentUrl\":\"https:\/\/www.eelabels.com\/wp-content\/uploads\/2022\/08\/ee-labels-circular-textile-days.jpg\",\"width\":500,\"height\":500},{\"@type\":\"BreadcrumbList\",\"@id\":\"https:\/\/www.eelabels.com\/de\/nachhaltigkeit\/ein-digitaler-produktpass-circular-textile-days\/#breadcrumb\",\"itemListElement\":[{\"@type\":\"ListItem\",\"position\":1,\"name\":\"Home\",\"item\":\"https:\/\/www.eelabels.com\/de\/\"},{\"@type\":\"ListItem\",\"position\":2,\"name\":\"Ein digitaler Produktpass &#8211; Circular Textile Days\"}]},{\"@type\":\"WebSite\",\"@id\":\"https:\/\/www.eelabels.com\/#website\",\"url\":\"https:\/\/www.eelabels.com\/\",\"name\":\"EE Labels\",\"description\":\"Specialist in geweven labels, gedrukte labels, hangtags &amp; branding\",\"potentialAction\":[{\"@type\":\"SearchAction\",\"target\":{\"@type\":\"EntryPoint\",\"urlTemplate\":\"https:\/\/www.eelabels.com\/?s={search_term_string}\"},\"query-input\":{\"@type\":\"PropertyValueSpecification\",\"valueRequired\":true,\"valueName\":\"search_term_string\"}}],\"inLanguage\":\"de\"},{\"@type\":\"Person\",\"@id\":\"https:\/\/www.eelabels.com\/#\/schema\/person\/80606de7a921cba309842722cae5faf1\",\"name\":\"Marloes Evers\",\"image\":{\"@type\":\"ImageObject\",\"inLanguage\":\"de\",\"@id\":\"https:\/\/www.eelabels.com\/#\/schema\/person\/image\/\",\"url\":\"https:\/\/secure.gravatar.com\/avatar\/4fc8a04bb87821dd1b5aea593fbc76e5?s=96&d=mm&r=g\",\"contentUrl\":\"https:\/\/secure.gravatar.com\/avatar\/4fc8a04bb87821dd1b5aea593fbc76e5?s=96&d=mm&r=g\",\"caption\":\"Marloes Evers\"},\"url\":\"https:\/\/www.eelabels.com\/de\/author\/marloes-evers\/\"}]}<\/script>\n<!-- \/ Yoast SEO plugin. -->","yoast_head_json":{"title":"Ein digitaler Produktpass - Circular Textile Days - EE Labels","robots":{"index":"index","follow":"follow","max-snippet":"max-snippet:-1","max-image-preview":"max-image-preview:large","max-video-preview":"max-video-preview:-1"},"canonical":"https:\/\/www.eelabels.com\/de\/nachhaltigkeit\/ein-digitaler-produktpass-circular-textile-days\/","og_locale":"de_DE","og_type":"article","og_title":"Ein digitaler Produktpass - Circular Textile Days - EE Labels","og_description":"Am 13. und 14. September wird EE Labels auf den Circular Textile Days vertreten sein. Erna Heymans erz\u00e4hlt Ihnen alles \u00fcber die M\u00f6glichkeiten eines digitalen Produktpasses. Kommen Sie uns besuchen? Lassen Sie es uns wissen, wir haben Optionen f\u00fcr freien Eintritt. Was ist ein digitaler Produktpass? Ein digitaler Produktpass ist die Verbindung zwischen einem physischen [...]Weiterlesen\u00a0\u2026 from Ein digitaler Produktpass &#8211; Circular Textile Days","og_url":"https:\/\/www.eelabels.com\/de\/nachhaltigkeit\/ein-digitaler-produktpass-circular-textile-days\/","og_site_name":"EE Labels","article_published_time":"2022-09-01T11:45:19+00:00","article_modified_time":"2025-02-21T09:47:59+00:00","og_image":[{"width":500,"height":500,"url":"https:\/\/www.eelabels.com\/wp-content\/uploads\/2022\/08\/ee-labels-circular-textile-days.jpg","type":"image\/jpeg"}],"author":"Marloes Evers","twitter_card":"summary_large_image","twitter_misc":{"Verfasst von":"Marloes Evers","Gesch\u00e4tzte Lesezeit":"2\u00a0Minuten"},"schema":{"@context":"https:\/\/schema.org","@graph":[{"@type":"WebPage","@id":"https:\/\/www.eelabels.com\/de\/nachhaltigkeit\/ein-digitaler-produktpass-circular-textile-days\/","url":"https:\/\/www.eelabels.com\/de\/nachhaltigkeit\/ein-digitaler-produktpass-circular-textile-days\/","name":"Ein digitaler Produktpass - Circular Textile Days - EE Labels","isPartOf":{"@id":"https:\/\/www.eelabels.com\/#website"},"primaryImageOfPage":{"@id":"https:\/\/www.eelabels.com\/de\/nachhaltigkeit\/ein-digitaler-produktpass-circular-textile-days\/#primaryimage"},"image":{"@id":"https:\/\/www.eelabels.com\/de\/nachhaltigkeit\/ein-digitaler-produktpass-circular-textile-days\/#primaryimage"},"thumbnailUrl":"https:\/\/www.eelabels.com\/wp-content\/uploads\/2022\/08\/ee-labels-circular-textile-days.jpg","datePublished":"2022-09-01T11:45:19+00:00","dateModified":"2025-02-21T09:47:59+00:00","author":{"@id":"https:\/\/www.eelabels.com\/#\/schema\/person\/80606de7a921cba309842722cae5faf1"},"breadcrumb":{"@id":"https:\/\/www.eelabels.com\/de\/nachhaltigkeit\/ein-digitaler-produktpass-circular-textile-days\/#breadcrumb"},"inLanguage":"de","potentialAction":[{"@type":"ReadAction","target":["https:\/\/www.eelabels.com\/de\/nachhaltigkeit\/ein-digitaler-produktpass-circular-textile-days\/"]}]},{"@type":"ImageObject","inLanguage":"de","@id":"https:\/\/www.eelabels.com\/de\/nachhaltigkeit\/ein-digitaler-produktpass-circular-textile-days\/#primaryimage","url":"https:\/\/www.eelabels.com\/wp-content\/uploads\/2022\/08\/ee-labels-circular-textile-days.jpg","contentUrl":"https:\/\/www.eelabels.com\/wp-content\/uploads\/2022\/08\/ee-labels-circular-textile-days.jpg","width":500,"height":500},{"@type":"BreadcrumbList","@id":"https:\/\/www.eelabels.com\/de\/nachhaltigkeit\/ein-digitaler-produktpass-circular-textile-days\/#breadcrumb","itemListElement":[{"@type":"ListItem","position":1,"name":"Home","item":"https:\/\/www.eelabels.com\/de\/"},{"@type":"ListItem","position":2,"name":"Ein digitaler Produktpass &#8211; Circular Textile Days"}]},{"@type":"WebSite","@id":"https:\/\/www.eelabels.com\/#website","url":"https:\/\/www.eelabels.com\/","name":"EE Labels","description":"Specialist in geweven labels, gedrukte labels, hangtags &amp; branding","potentialAction":[{"@type":"SearchAction","target":{"@type":"EntryPoint","urlTemplate":"https:\/\/www.eelabels.com\/?s={search_term_string}"},"query-input":{"@type":"PropertyValueSpecification","valueRequired":true,"valueName":"search_term_string"}}],"inLanguage":"de"},{"@type":"Person","@id":"https:\/\/www.eelabels.com\/#\/schema\/person\/80606de7a921cba309842722cae5faf1","name":"Marloes Evers","image":{"@type":"ImageObject","inLanguage":"de","@id":"https:\/\/www.eelabels.com\/#\/schema\/person\/image\/","url":"https:\/\/secure.gravatar.com\/avatar\/4fc8a04bb87821dd1b5aea593fbc76e5?s=96&d=mm&r=g","contentUrl":"https:\/\/secure.gravatar.com\/avatar\/4fc8a04bb87821dd1b5aea593fbc76e5?s=96&d=mm&r=g","caption":"Marloes Evers"},"url":"https:\/\/www.eelabels.com\/de\/author\/marloes-evers\/"}]}},"_links":{"self":[{"href":"https:\/\/www.eelabels.com\/de\/wp-json\/wp\/v2\/posts\/22581","targetHints":{"allow":["GET"]}}],"collection":[{"href":"https:\/\/www.eelabels.com\/de\/wp-json\/wp\/v2\/posts"}],"about":[{"href":"https:\/\/www.eelabels.com\/de\/wp-json\/wp\/v2\/types\/post"}],"author":[{"embeddable":true,"href":"https:\/\/www.eelabels.com\/de\/wp-json\/wp\/v2\/users\/5"}],"replies":[{"embeddable":true,"href":"https:\/\/www.eelabels.com\/de\/wp-json\/wp\/v2\/comments?post=22581"}],"version-history":[{"count":3,"href":"https:\/\/www.eelabels.com\/de\/wp-json\/wp\/v2\/posts\/22581\/revisions"}],"predecessor-version":[{"id":22584,"href":"https:\/\/www.eelabels.com\/de\/wp-json\/wp\/v2\/posts\/22581\/revisions\/22584"}],"wp:featuredmedia":[{"embeddable":true,"href":"https:\/\/www.eelabels.com\/de\/wp-json\/wp\/v2\/media\/22564"}],"wp:attachment":[{"href":"https:\/\/www.eelabels.com\/de\/wp-json\/wp\/v2\/media?parent=22581"}],"wp:term":[{"taxonomy":"category","embeddable":true,"href":"https:\/\/www.eelabels.com\/de\/wp-json\/wp\/v2\/categories?post=22581"},{"taxonomy":"post_tag","embeddable":true,"href":"https:\/\/www.eelabels.com\/de\/wp-json\/wp\/v2\/tags?post=22581"}],"curies":[{"name":"wp","href":"https:\/\/api.w.org\/{rel}","templated":true}]}}