{"id":24750,"date":"2024-12-16T12:21:25","date_gmt":"2024-12-16T12:21:25","guid":{"rendered":"https:\/\/www.eelabels.com?p=24750"},"modified":"2025-02-21T09:47:53","modified_gmt":"2025-02-21T09:47:53","slug":"weihnachtsabschluss-und-auf-ein-schoenes-2025","status":"publish","type":"post","link":"https:\/\/www.eelabels.com\/de\/news-de\/weihnachtsabschluss-und-auf-ein-schoenes-2025\/","title":{"rendered":"Weihnachtsabschluss und auf ein sch\u00f6nes 2025!"},"content":{"rendered":"<p>Seit 1937(!!!) schickt EE seinen Kunden jedes Jahr einen gewebten Weihnachtswunsch.<br \/>\nZuerst war es ein Kalender, ganz im Stil des jeweiligen Jahres. Denken Sie an Flower-Power und die Neunzigerjahre. Seit 2000 kreiert EE jedes Jahr ein gewebtes Kunstwerk in Zusammenarbeit mit einem Designer oder K\u00fcnstler. Dieses Jahr ist die ausgew\u00e4hlte Designerin die Textildesignerin Kelly Konings.<\/p>\n<h1>\u00dcber Kelly Konings<\/h1>\n<p>Kelly Konings erforscht die Beziehung zwischen Kleidung und Textilien, indem sie beide buchst\u00e4blich miteinander verwebt. Diese Arbeitsweise ist auch als 3D-Webtechnik bekannt. EE hat bereits eine 3D-gewebte Hose, einen Labormantel in Zusammenarbeit mit Henrik Vibskov, ein Shirt ism Kelly Konings und eine Tasche f\u00fcr WEEEF entworfen.<\/p>\n<p>Der Name des diesj\u00e4hrigen Kunstwerks ist \u201eCommon Flower Collage\u201c, das in einer limitierten Auflage von 700 St\u00fcck erscheint.<br \/>\nDas Kunstwerk besteht aus 3 Schichten, die in einem St\u00fcck auf der Maschine gewebt werden. Wie das Jahr, so ist auch die Weihnachtskarte aufklappbar. Die begleitende Botschaft f\u00fcr unsere Beziehungen ist von Henri Matisse inspiriert.<\/p>\n<p><strong><em>\u201eEs gibt immer Blumen f\u00fcr diejenigen, die sie sehen wollen\u201c<\/em> &#8211; Henri Matisse<\/strong><br \/>\nOb es ein Sonnenaufgang, die erste Tasse Kaffee oder eine Gesch\u00e4ftsm\u00f6glichkeit ist, die deinen Tag ausmacht. Sch\u00f6nheit ist \u00fcberall. Auf ein sch\u00f6nes 2025 zusammen, danke f\u00fcr eine tolle Beziehung!<\/p>\n<h2>Weihnachtsverschluss EE Labels<\/h2>\n<p>Vom 23. Dezember bis 3. Januar sind wir geschlossen. Am Montag, den 6. Januar, sind wir wieder f\u00fcr Sie da.<br \/>\nWir w\u00fcnschen allen unseren Kunden frohe Festtage und ein sch\u00f6nes 2025!<\/p>\n<p><img loading=\"lazy\" decoding=\"async\" class=\"alignnone size-full wp-image-24747\" src=\"https:\/\/www.eelabels.com\/\/wp-content\/uploads\/2024\/12\/KERST-2025-X-small.gif\" alt=\"\" width=\"500\" height=\"500\" \/><\/p>\n","protected":false},"excerpt":{"rendered":"<p>Seit 1937(!!!) schickt EE seinen Kunden jedes Jahr einen gewebten Weihnachtswunsch. Zuerst war es ein Kalender, ganz im Stil des jeweiligen Jahres. Denken Sie an Flower-Power und die Neunzigerjahre. Seit 2000 kreiert EE jedes Jahr ein gewebtes Kunstwerk in Zusammenarbeit mit einem Designer oder K\u00fcnstler. Dieses Jahr ist die ausgew\u00e4hlte Designerin die Textildesignerin Kelly Konings. [&#8230;]<\/p>\n<p><a class=\"btn btn-dark understrap-read-more-link\" href=\"https:\/\/www.eelabels.com\/de\/news-de\/weihnachtsabschluss-und-auf-ein-schoenes-2025\/\">Weiterlesen\u00a0\u2026<span class=\"screen-reader-text\"> from Weihnachtsabschluss und auf ein sch\u00f6nes 2025!<\/span><\/a><\/p>\n","protected":false},"author":5,"featured_media":24747,"comment_status":"closed","ping_status":"open","sticky":false,"template":"","format":"standard","meta":{"_acf_changed":false,"footnotes":""},"categories":[90],"tags":[],"class_list":["post-24750","post","type-post","status-publish","format-standard","has-post-thumbnail","hentry","category-news-de"],"acf":[],"yoast_head":"<!-- This site is optimized with the Yoast SEO plugin v24.6 - https:\/\/yoast.com\/wordpress\/plugins\/seo\/ -->\n<title>Weihnachtsabschluss und auf ein sch\u00f6nes 2025! - EE Labels<\/title>\n<meta name=\"robots\" content=\"index, follow, max-snippet:-1, max-image-preview:large, max-video-preview:-1\" \/>\n<link rel=\"canonical\" href=\"https:\/\/www.eelabels.com\/de\/news-de\/weihnachtsabschluss-und-auf-ein-schoenes-2025\/\" \/>\n<meta property=\"og:locale\" content=\"de_DE\" \/>\n<meta property=\"og:type\" content=\"article\" \/>\n<meta property=\"og:title\" content=\"Weihnachtsabschluss und auf ein sch\u00f6nes 2025! - EE Labels\" \/>\n<meta property=\"og:description\" content=\"Seit 1937(!!!) schickt EE seinen Kunden jedes Jahr einen gewebten Weihnachtswunsch. Zuerst war es ein Kalender, ganz im Stil des jeweiligen Jahres. Denken Sie an Flower-Power und die Neunzigerjahre. Seit 2000 kreiert EE jedes Jahr ein gewebtes Kunstwerk in Zusammenarbeit mit einem Designer oder K\u00fcnstler. Dieses Jahr ist die ausgew\u00e4hlte Designerin die Textildesignerin Kelly Konings. [...]Weiterlesen\u00a0\u2026 from Weihnachtsabschluss und auf ein sch\u00f6nes 2025!\" \/>\n<meta property=\"og:url\" content=\"https:\/\/www.eelabels.com\/de\/news-de\/weihnachtsabschluss-und-auf-ein-schoenes-2025\/\" \/>\n<meta property=\"og:site_name\" content=\"EE Labels\" \/>\n<meta property=\"article:published_time\" content=\"2024-12-16T12:21:25+00:00\" \/>\n<meta property=\"article:modified_time\" content=\"2025-02-21T09:47:53+00:00\" \/>\n<meta property=\"og:image\" content=\"https:\/\/www.eelabels.com\/wp-content\/uploads\/2024\/12\/KERST-2025-X-small.gif\" \/>\n\t<meta property=\"og:image:width\" content=\"500\" \/>\n\t<meta property=\"og:image:height\" content=\"500\" \/>\n\t<meta property=\"og:image:type\" content=\"image\/gif\" \/>\n<meta name=\"author\" content=\"Marloes Evers\" \/>\n<meta name=\"twitter:card\" content=\"summary_large_image\" \/>\n<meta name=\"twitter:label1\" content=\"Verfasst von\" \/>\n\t<meta name=\"twitter:data1\" content=\"Marloes Evers\" \/>\n\t<meta name=\"twitter:label2\" content=\"Gesch\u00e4tzte Lesezeit\" \/>\n\t<meta name=\"twitter:data2\" content=\"2\u00a0Minuten\" \/>\n<script type=\"application\/ld+json\" class=\"yoast-schema-graph\">{\"@context\":\"https:\/\/schema.org\",\"@graph\":[{\"@type\":\"WebPage\",\"@id\":\"https:\/\/www.eelabels.com\/de\/news-de\/weihnachtsabschluss-und-auf-ein-schoenes-2025\/\",\"url\":\"https:\/\/www.eelabels.com\/de\/news-de\/weihnachtsabschluss-und-auf-ein-schoenes-2025\/\",\"name\":\"Weihnachtsabschluss und auf ein sch\u00f6nes 2025! - EE Labels\",\"isPartOf\":{\"@id\":\"https:\/\/www.eelabels.com\/#website\"},\"primaryImageOfPage\":{\"@id\":\"https:\/\/www.eelabels.com\/de\/news-de\/weihnachtsabschluss-und-auf-ein-schoenes-2025\/#primaryimage\"},\"image\":{\"@id\":\"https:\/\/www.eelabels.com\/de\/news-de\/weihnachtsabschluss-und-auf-ein-schoenes-2025\/#primaryimage\"},\"thumbnailUrl\":\"https:\/\/www.eelabels.com\/wp-content\/uploads\/2024\/12\/KERST-2025-X-small.gif\",\"datePublished\":\"2024-12-16T12:21:25+00:00\",\"dateModified\":\"2025-02-21T09:47:53+00:00\",\"author\":{\"@id\":\"https:\/\/www.eelabels.com\/#\/schema\/person\/80606de7a921cba309842722cae5faf1\"},\"breadcrumb\":{\"@id\":\"https:\/\/www.eelabels.com\/de\/news-de\/weihnachtsabschluss-und-auf-ein-schoenes-2025\/#breadcrumb\"},\"inLanguage\":\"de\",\"potentialAction\":[{\"@type\":\"ReadAction\",\"target\":[\"https:\/\/www.eelabels.com\/de\/news-de\/weihnachtsabschluss-und-auf-ein-schoenes-2025\/\"]}]},{\"@type\":\"ImageObject\",\"inLanguage\":\"de\",\"@id\":\"https:\/\/www.eelabels.com\/de\/news-de\/weihnachtsabschluss-und-auf-ein-schoenes-2025\/#primaryimage\",\"url\":\"https:\/\/www.eelabels.com\/wp-content\/uploads\/2024\/12\/KERST-2025-X-small.gif\",\"contentUrl\":\"https:\/\/www.eelabels.com\/wp-content\/uploads\/2024\/12\/KERST-2025-X-small.gif\",\"width\":500,\"height\":500},{\"@type\":\"BreadcrumbList\",\"@id\":\"https:\/\/www.eelabels.com\/de\/news-de\/weihnachtsabschluss-und-auf-ein-schoenes-2025\/#breadcrumb\",\"itemListElement\":[{\"@type\":\"ListItem\",\"position\":1,\"name\":\"Home\",\"item\":\"https:\/\/www.eelabels.com\/de\/\"},{\"@type\":\"ListItem\",\"position\":2,\"name\":\"Weihnachtsabschluss und auf ein sch\u00f6nes 2025!\"}]},{\"@type\":\"WebSite\",\"@id\":\"https:\/\/www.eelabels.com\/#website\",\"url\":\"https:\/\/www.eelabels.com\/\",\"name\":\"EE Labels\",\"description\":\"Specialist in geweven labels, gedrukte labels, hangtags &amp; branding\",\"potentialAction\":[{\"@type\":\"SearchAction\",\"target\":{\"@type\":\"EntryPoint\",\"urlTemplate\":\"https:\/\/www.eelabels.com\/?s={search_term_string}\"},\"query-input\":{\"@type\":\"PropertyValueSpecification\",\"valueRequired\":true,\"valueName\":\"search_term_string\"}}],\"inLanguage\":\"de\"},{\"@type\":\"Person\",\"@id\":\"https:\/\/www.eelabels.com\/#\/schema\/person\/80606de7a921cba309842722cae5faf1\",\"name\":\"Marloes Evers\",\"image\":{\"@type\":\"ImageObject\",\"inLanguage\":\"de\",\"@id\":\"https:\/\/www.eelabels.com\/#\/schema\/person\/image\/\",\"url\":\"https:\/\/secure.gravatar.com\/avatar\/4fc8a04bb87821dd1b5aea593fbc76e5?s=96&d=mm&r=g\",\"contentUrl\":\"https:\/\/secure.gravatar.com\/avatar\/4fc8a04bb87821dd1b5aea593fbc76e5?s=96&d=mm&r=g\",\"caption\":\"Marloes Evers\"},\"url\":\"https:\/\/www.eelabels.com\/de\/author\/marloes-evers\/\"}]}<\/script>\n<!-- \/ Yoast SEO plugin. -->","yoast_head_json":{"title":"Weihnachtsabschluss und auf ein sch\u00f6nes 2025! - EE Labels","robots":{"index":"index","follow":"follow","max-snippet":"max-snippet:-1","max-image-preview":"max-image-preview:large","max-video-preview":"max-video-preview:-1"},"canonical":"https:\/\/www.eelabels.com\/de\/news-de\/weihnachtsabschluss-und-auf-ein-schoenes-2025\/","og_locale":"de_DE","og_type":"article","og_title":"Weihnachtsabschluss und auf ein sch\u00f6nes 2025! - EE Labels","og_description":"Seit 1937(!!!) schickt EE seinen Kunden jedes Jahr einen gewebten Weihnachtswunsch. Zuerst war es ein Kalender, ganz im Stil des jeweiligen Jahres. Denken Sie an Flower-Power und die Neunzigerjahre. Seit 2000 kreiert EE jedes Jahr ein gewebtes Kunstwerk in Zusammenarbeit mit einem Designer oder K\u00fcnstler. Dieses Jahr ist die ausgew\u00e4hlte Designerin die Textildesignerin Kelly Konings. [...]Weiterlesen\u00a0\u2026 from Weihnachtsabschluss und auf ein sch\u00f6nes 2025!","og_url":"https:\/\/www.eelabels.com\/de\/news-de\/weihnachtsabschluss-und-auf-ein-schoenes-2025\/","og_site_name":"EE Labels","article_published_time":"2024-12-16T12:21:25+00:00","article_modified_time":"2025-02-21T09:47:53+00:00","og_image":[{"width":500,"height":500,"url":"https:\/\/www.eelabels.com\/wp-content\/uploads\/2024\/12\/KERST-2025-X-small.gif","type":"image\/gif"}],"author":"Marloes Evers","twitter_card":"summary_large_image","twitter_misc":{"Verfasst von":"Marloes Evers","Gesch\u00e4tzte Lesezeit":"2\u00a0Minuten"},"schema":{"@context":"https:\/\/schema.org","@graph":[{"@type":"WebPage","@id":"https:\/\/www.eelabels.com\/de\/news-de\/weihnachtsabschluss-und-auf-ein-schoenes-2025\/","url":"https:\/\/www.eelabels.com\/de\/news-de\/weihnachtsabschluss-und-auf-ein-schoenes-2025\/","name":"Weihnachtsabschluss und auf ein sch\u00f6nes 2025! - EE Labels","isPartOf":{"@id":"https:\/\/www.eelabels.com\/#website"},"primaryImageOfPage":{"@id":"https:\/\/www.eelabels.com\/de\/news-de\/weihnachtsabschluss-und-auf-ein-schoenes-2025\/#primaryimage"},"image":{"@id":"https:\/\/www.eelabels.com\/de\/news-de\/weihnachtsabschluss-und-auf-ein-schoenes-2025\/#primaryimage"},"thumbnailUrl":"https:\/\/www.eelabels.com\/wp-content\/uploads\/2024\/12\/KERST-2025-X-small.gif","datePublished":"2024-12-16T12:21:25+00:00","dateModified":"2025-02-21T09:47:53+00:00","author":{"@id":"https:\/\/www.eelabels.com\/#\/schema\/person\/80606de7a921cba309842722cae5faf1"},"breadcrumb":{"@id":"https:\/\/www.eelabels.com\/de\/news-de\/weihnachtsabschluss-und-auf-ein-schoenes-2025\/#breadcrumb"},"inLanguage":"de","potentialAction":[{"@type":"ReadAction","target":["https:\/\/www.eelabels.com\/de\/news-de\/weihnachtsabschluss-und-auf-ein-schoenes-2025\/"]}]},{"@type":"ImageObject","inLanguage":"de","@id":"https:\/\/www.eelabels.com\/de\/news-de\/weihnachtsabschluss-und-auf-ein-schoenes-2025\/#primaryimage","url":"https:\/\/www.eelabels.com\/wp-content\/uploads\/2024\/12\/KERST-2025-X-small.gif","contentUrl":"https:\/\/www.eelabels.com\/wp-content\/uploads\/2024\/12\/KERST-2025-X-small.gif","width":500,"height":500},{"@type":"BreadcrumbList","@id":"https:\/\/www.eelabels.com\/de\/news-de\/weihnachtsabschluss-und-auf-ein-schoenes-2025\/#breadcrumb","itemListElement":[{"@type":"ListItem","position":1,"name":"Home","item":"https:\/\/www.eelabels.com\/de\/"},{"@type":"ListItem","position":2,"name":"Weihnachtsabschluss und auf ein sch\u00f6nes 2025!"}]},{"@type":"WebSite","@id":"https:\/\/www.eelabels.com\/#website","url":"https:\/\/www.eelabels.com\/","name":"EE Labels","description":"Specialist in geweven labels, gedrukte labels, hangtags &amp; branding","potentialAction":[{"@type":"SearchAction","target":{"@type":"EntryPoint","urlTemplate":"https:\/\/www.eelabels.com\/?s={search_term_string}"},"query-input":{"@type":"PropertyValueSpecification","valueRequired":true,"valueName":"search_term_string"}}],"inLanguage":"de"},{"@type":"Person","@id":"https:\/\/www.eelabels.com\/#\/schema\/person\/80606de7a921cba309842722cae5faf1","name":"Marloes Evers","image":{"@type":"ImageObject","inLanguage":"de","@id":"https:\/\/www.eelabels.com\/#\/schema\/person\/image\/","url":"https:\/\/secure.gravatar.com\/avatar\/4fc8a04bb87821dd1b5aea593fbc76e5?s=96&d=mm&r=g","contentUrl":"https:\/\/secure.gravatar.com\/avatar\/4fc8a04bb87821dd1b5aea593fbc76e5?s=96&d=mm&r=g","caption":"Marloes Evers"},"url":"https:\/\/www.eelabels.com\/de\/author\/marloes-evers\/"}]}},"_links":{"self":[{"href":"https:\/\/www.eelabels.com\/de\/wp-json\/wp\/v2\/posts\/24750","targetHints":{"allow":["GET"]}}],"collection":[{"href":"https:\/\/www.eelabels.com\/de\/wp-json\/wp\/v2\/posts"}],"about":[{"href":"https:\/\/www.eelabels.com\/de\/wp-json\/wp\/v2\/types\/post"}],"author":[{"embeddable":true,"href":"https:\/\/www.eelabels.com\/de\/wp-json\/wp\/v2\/users\/5"}],"replies":[{"embeddable":true,"href":"https:\/\/www.eelabels.com\/de\/wp-json\/wp\/v2\/comments?post=24750"}],"version-history":[{"count":1,"href":"https:\/\/www.eelabels.com\/de\/wp-json\/wp\/v2\/posts\/24750\/revisions"}],"predecessor-version":[{"id":24751,"href":"https:\/\/www.eelabels.com\/de\/wp-json\/wp\/v2\/posts\/24750\/revisions\/24751"}],"wp:featuredmedia":[{"embeddable":true,"href":"https:\/\/www.eelabels.com\/de\/wp-json\/wp\/v2\/media\/24747"}],"wp:attachment":[{"href":"https:\/\/www.eelabels.com\/de\/wp-json\/wp\/v2\/media?parent=24750"}],"wp:term":[{"taxonomy":"category","embeddable":true,"href":"https:\/\/www.eelabels.com\/de\/wp-json\/wp\/v2\/categories?post=24750"},{"taxonomy":"post_tag","embeddable":true,"href":"https:\/\/www.eelabels.com\/de\/wp-json\/wp\/v2\/tags?post=24750"}],"curies":[{"name":"wp","href":"https:\/\/api.w.org\/{rel}","templated":true}]}}