{"id":27314,"date":"2026-08-31T11:55:16","date_gmt":"2026-08-31T11:55:16","guid":{"rendered":"https:\/\/www.eelabels.com\/?p=27314"},"modified":"2026-08-31T11:59:55","modified_gmt":"2026-08-31T11:59:55","slug":"wieder-im-geschaeft-ee-labels-ist-bereit-fuer-den-herbst","status":"publish","type":"post","link":"https:\/\/www.eelabels.com\/de\/news-de\/wieder-im-geschaeft-ee-labels-ist-bereit-fuer-den-herbst\/","title":{"rendered":"Wieder im Gesch\u00e4ft: EE Labels ist bereit f\u00fcr den Herbst"},"content":{"rendered":"<p class=\"isSelectedEnd\">Der Sommer ist vorbei und bei EE Labels l\u00e4uft die Produktion wieder auf Hochtouren. <strong>Die regul\u00e4ren Lieferzeiten sind wieder wie gewohnt, sodass Sie sich auf den Service verlassen k\u00f6nnen, den Sie von EE Labels kennen.<\/strong> Zeit also, auf einen inspirierenden Herbst voller neuer Entwicklungen, pers\u00f6nlicher Begegnungen und spannender Veranstaltungen vorauszublicken.<\/p>\n<h3>Entdecken Sie <em>The Connected Product Book<\/em><\/h3>\n<p>Am <strong>30. September und 1. Oktober 2026<\/strong> ist EE Labels bei den <strong>Circular Textile Days<\/strong> mit unserer <strong>Connected Product Booth<\/strong> vertreten. Dort pr\u00e4sentieren wir unsere neuesten Entwicklungen im Bereich Connected Products und zeigen mit Stolz unser neues Kollektionbuch: <em>The Connected Product Book<\/em>.<\/p>\n<p>Das Kollektionbuch zeigt, wie Labels zunehmend zur Identit\u00e4t, Informationsvermittlung und Zukunft eines Produkts beitragen k\u00f6nnen. <strong>Mehr dazu erfahren Sie schon bald.<\/strong><\/p>\n<h3>EE Labels bei der Dutch Design Week<\/h3>\n<p class=\"isSelectedEnd\">Auch w\u00e4hrend der <strong>Dutch Design Week<\/strong> vom <strong>17. bis 25. Oktober 2026<\/strong> sind wir in Eindhoven vertreten. Gemeinsam mit unseren Schwesterunternehmen <strong><a href=\"https:\/\/www.weeef.shop\/\">WEEEF<\/a><\/strong> und <strong><a href=\"https:\/\/www.ee-exclusives.com\/nl\/\">EE Exclusives<\/a><\/strong> zeigen wir verschiedene Facetten der Welt von Textilien, Design und Innovation.<\/p>\n<p class=\"isSelectedEnd\">Kommen Sie vorbei, entdecken Sie die M\u00f6glichkeiten und lassen Sie sich davon inspirieren, was Textilien heute und in Zukunft leisten k\u00f6nnen.<\/p>\n<p class=\"isSelectedEnd\">Haben Sie Fragen zu einer Bestellung, m\u00f6chten Sie mehr \u00fcber unsere neuesten L\u00f6sungen erfahren oder sind Sie neugierig auf <em>The Connected Product Book<\/em>? <strong>Nehmen Sie Kontakt mit uns auf!<\/strong><\/p>\n<p><strong>Kontaktieren Sie uns unter<\/strong> <strong><a href=\"mailto:info@eelabels.nl\">info@eelabels.nl<\/a><\/strong> <strong>oder telefonisch unter +31 (0)40 224 1144.<\/strong><\/p>\n","protected":false},"excerpt":{"rendered":"<p>Der Sommer ist vorbei und bei EE Labels l\u00e4uft die Produktion wieder auf Hochtouren. Die regul\u00e4ren Lieferzeiten sind wieder wie gewohnt, sodass Sie sich auf den Service verlassen k\u00f6nnen, den Sie von EE Labels kennen. Zeit also, auf einen inspirierenden Herbst voller neuer Entwicklungen, pers\u00f6nlicher Begegnungen und spannender Veranstaltungen vorauszublicken. Entdecken Sie The Connected Product [&#8230;]<\/p>\n<p><a class=\"btn btn-dark understrap-read-more-link\" href=\"https:\/\/www.eelabels.com\/de\/news-de\/wieder-im-geschaeft-ee-labels-ist-bereit-fuer-den-herbst\/\">Weiterlesen\u00a0\u2026<span class=\"screen-reader-text\"> from Wieder im Gesch\u00e4ft: EE Labels ist bereit f\u00fcr den Herbst<\/span><\/a><\/p>\n","protected":false},"author":5,"featured_media":27310,"comment_status":"closed","ping_status":"closed","sticky":false,"template":"","format":"standard","meta":{"_acf_changed":false,"footnotes":""},"categories":[90],"tags":[],"class_list":["post-27314","post","type-post","status-publish","format-standard","has-post-thumbnail","hentry","category-news-de"],"acf":[],"yoast_head":"<!-- This site is optimized with the Yoast SEO plugin v27.5 - https:\/\/yoast.com\/product\/yoast-seo-wordpress\/ -->\n<title>Wieder im Gesch\u00e4ft: EE Labels ist bereit f\u00fcr den Herbst - EE Labels<\/title>\n<meta name=\"description\" content=\"Der Sommer ist vorbei und bei EE Labels l\u00e4uft die Produktion wieder auf Hochtouren. Zeit also, auf einen inspirierenden Herbst!\" \/>\n<meta name=\"robots\" content=\"index, follow, max-snippet:-1, max-image-preview:large, max-video-preview:-1\" \/>\n<link rel=\"canonical\" href=\"https:\/\/www.eelabels.com\/de\/news-de\/wieder-im-geschaeft-ee-labels-ist-bereit-fuer-den-herbst\/\" \/>\n<meta property=\"og:locale\" content=\"de_DE\" \/>\n<meta property=\"og:type\" content=\"article\" \/>\n<meta property=\"og:title\" content=\"Wieder im Gesch\u00e4ft: EE Labels ist bereit f\u00fcr den Herbst - EE Labels\" \/>\n<meta property=\"og:description\" content=\"Der Sommer ist vorbei und bei EE Labels l\u00e4uft die Produktion wieder auf Hochtouren. Zeit also, auf einen inspirierenden Herbst!\" \/>\n<meta property=\"og:url\" content=\"https:\/\/www.eelabels.com\/de\/news-de\/wieder-im-geschaeft-ee-labels-ist-bereit-fuer-den-herbst\/\" \/>\n<meta property=\"og:site_name\" content=\"EE Labels\" \/>\n<meta property=\"article:published_time\" content=\"2026-08-31T11:55:16+00:00\" \/>\n<meta property=\"article:modified_time\" content=\"2026-08-31T11:59:55+00:00\" \/>\n<meta property=\"og:image\" content=\"https:\/\/www.eelabels.com\/wp-content\/uploads\/2026\/08\/Kopie-van-EE-tekst-geel-zwart-3-1.png\" \/>\n\t<meta property=\"og:image:width\" content=\"1080\" \/>\n\t<meta property=\"og:image:height\" content=\"1080\" \/>\n\t<meta property=\"og:image:type\" content=\"image\/png\" \/>\n<meta name=\"author\" content=\"Marloes Evers\" \/>\n<meta name=\"twitter:card\" content=\"summary_large_image\" \/>\n<meta name=\"twitter:label1\" content=\"Verfasst von\" \/>\n\t<meta name=\"twitter:data1\" content=\"Marloes Evers\" \/>\n\t<meta name=\"twitter:label2\" content=\"Gesch\u00e4tzte Lesezeit\" \/>\n\t<meta name=\"twitter:data2\" content=\"2\u00a0Minuten\" \/>\n<script type=\"application\/ld+json\" class=\"yoast-schema-graph\">{\"@context\":\"https:\\\/\\\/schema.org\",\"@graph\":[{\"@type\":\"Article\",\"@id\":\"https:\\\/\\\/www.eelabels.com\\\/de\\\/news-de\\\/wieder-im-geschaeft-ee-labels-ist-bereit-fuer-den-herbst\\\/#article\",\"isPartOf\":{\"@id\":\"https:\\\/\\\/www.eelabels.com\\\/de\\\/news-de\\\/wieder-im-geschaeft-ee-labels-ist-bereit-fuer-den-herbst\\\/\"},\"author\":{\"name\":\"Marloes Evers\",\"@id\":\"https:\\\/\\\/www.eelabels.com\\\/#\\\/schema\\\/person\\\/80606de7a921cba309842722cae5faf1\"},\"headline\":\"Wieder im Gesch\u00e4ft: EE Labels ist bereit f\u00fcr den Herbst\",\"datePublished\":\"2026-08-31T11:55:16+00:00\",\"dateModified\":\"2026-08-31T11:59:55+00:00\",\"mainEntityOfPage\":{\"@id\":\"https:\\\/\\\/www.eelabels.com\\\/de\\\/news-de\\\/wieder-im-geschaeft-ee-labels-ist-bereit-fuer-den-herbst\\\/\"},\"wordCount\":240,\"image\":{\"@id\":\"https:\\\/\\\/www.eelabels.com\\\/de\\\/news-de\\\/wieder-im-geschaeft-ee-labels-ist-bereit-fuer-den-herbst\\\/#primaryimage\"},\"thumbnailUrl\":\"https:\\\/\\\/www.eelabels.com\\\/wp-content\\\/uploads\\\/2026\\\/08\\\/Kopie-van-EE-tekst-geel-zwart-3-1.png\",\"articleSection\":[\"news\"],\"inLanguage\":\"de\"},{\"@type\":\"WebPage\",\"@id\":\"https:\\\/\\\/www.eelabels.com\\\/de\\\/news-de\\\/wieder-im-geschaeft-ee-labels-ist-bereit-fuer-den-herbst\\\/\",\"url\":\"https:\\\/\\\/www.eelabels.com\\\/de\\\/news-de\\\/wieder-im-geschaeft-ee-labels-ist-bereit-fuer-den-herbst\\\/\",\"name\":\"Wieder im Gesch\u00e4ft: EE Labels ist bereit f\u00fcr den Herbst - EE Labels\",\"isPartOf\":{\"@id\":\"https:\\\/\\\/www.eelabels.com\\\/#website\"},\"primaryImageOfPage\":{\"@id\":\"https:\\\/\\\/www.eelabels.com\\\/de\\\/news-de\\\/wieder-im-geschaeft-ee-labels-ist-bereit-fuer-den-herbst\\\/#primaryimage\"},\"image\":{\"@id\":\"https:\\\/\\\/www.eelabels.com\\\/de\\\/news-de\\\/wieder-im-geschaeft-ee-labels-ist-bereit-fuer-den-herbst\\\/#primaryimage\"},\"thumbnailUrl\":\"https:\\\/\\\/www.eelabels.com\\\/wp-content\\\/uploads\\\/2026\\\/08\\\/Kopie-van-EE-tekst-geel-zwart-3-1.png\",\"datePublished\":\"2026-08-31T11:55:16+00:00\",\"dateModified\":\"2026-08-31T11:59:55+00:00\",\"author\":{\"@id\":\"https:\\\/\\\/www.eelabels.com\\\/#\\\/schema\\\/person\\\/80606de7a921cba309842722cae5faf1\"},\"description\":\"Der Sommer ist vorbei und bei EE Labels l\u00e4uft die Produktion wieder auf Hochtouren. Zeit also, auf einen inspirierenden Herbst!\",\"breadcrumb\":{\"@id\":\"https:\\\/\\\/www.eelabels.com\\\/de\\\/news-de\\\/wieder-im-geschaeft-ee-labels-ist-bereit-fuer-den-herbst\\\/#breadcrumb\"},\"inLanguage\":\"de\",\"potentialAction\":[{\"@type\":\"ReadAction\",\"target\":[\"https:\\\/\\\/www.eelabels.com\\\/de\\\/news-de\\\/wieder-im-geschaeft-ee-labels-ist-bereit-fuer-den-herbst\\\/\"]}]},{\"@type\":\"ImageObject\",\"inLanguage\":\"de\",\"@id\":\"https:\\\/\\\/www.eelabels.com\\\/de\\\/news-de\\\/wieder-im-geschaeft-ee-labels-ist-bereit-fuer-den-herbst\\\/#primaryimage\",\"url\":\"https:\\\/\\\/www.eelabels.com\\\/wp-content\\\/uploads\\\/2026\\\/08\\\/Kopie-van-EE-tekst-geel-zwart-3-1.png\",\"contentUrl\":\"https:\\\/\\\/www.eelabels.com\\\/wp-content\\\/uploads\\\/2026\\\/08\\\/Kopie-van-EE-tekst-geel-zwart-3-1.png\",\"width\":1080,\"height\":1080},{\"@type\":\"BreadcrumbList\",\"@id\":\"https:\\\/\\\/www.eelabels.com\\\/de\\\/news-de\\\/wieder-im-geschaeft-ee-labels-ist-bereit-fuer-den-herbst\\\/#breadcrumb\",\"itemListElement\":[{\"@type\":\"ListItem\",\"position\":1,\"name\":\"Home\",\"item\":\"https:\\\/\\\/www.eelabels.com\\\/de\\\/\"},{\"@type\":\"ListItem\",\"position\":2,\"name\":\"Wieder im Gesch\u00e4ft: EE Labels ist bereit f\u00fcr den Herbst\"}]},{\"@type\":\"WebSite\",\"@id\":\"https:\\\/\\\/www.eelabels.com\\\/#website\",\"url\":\"https:\\\/\\\/www.eelabels.com\\\/\",\"name\":\"EE Labels\",\"description\":\"Specialist in geweven labels, gedrukte labels, hangtags &amp; branding\",\"potentialAction\":[{\"@type\":\"SearchAction\",\"target\":{\"@type\":\"EntryPoint\",\"urlTemplate\":\"https:\\\/\\\/www.eelabels.com\\\/?s={search_term_string}\"},\"query-input\":{\"@type\":\"PropertyValueSpecification\",\"valueRequired\":true,\"valueName\":\"search_term_string\"}}],\"inLanguage\":\"de\"},{\"@type\":\"Person\",\"@id\":\"https:\\\/\\\/www.eelabels.com\\\/#\\\/schema\\\/person\\\/80606de7a921cba309842722cae5faf1\",\"name\":\"Marloes Evers\",\"image\":{\"@type\":\"ImageObject\",\"inLanguage\":\"de\",\"@id\":\"https:\\\/\\\/secure.gravatar.com\\\/avatar\\\/e027dd698d539ad8e6ba35166e71aebed5b4f6da10ae4745d3fbff2269e4e1e6?s=96&d=mm&r=g\",\"url\":\"https:\\\/\\\/secure.gravatar.com\\\/avatar\\\/e027dd698d539ad8e6ba35166e71aebed5b4f6da10ae4745d3fbff2269e4e1e6?s=96&d=mm&r=g\",\"contentUrl\":\"https:\\\/\\\/secure.gravatar.com\\\/avatar\\\/e027dd698d539ad8e6ba35166e71aebed5b4f6da10ae4745d3fbff2269e4e1e6?s=96&d=mm&r=g\",\"caption\":\"Marloes Evers\"},\"url\":\"https:\\\/\\\/www.eelabels.com\\\/de\\\/author\\\/marloes-evers\\\/\"}]}<\/script>\n<!-- \/ Yoast SEO plugin. -->","yoast_head_json":{"title":"Wieder im Gesch\u00e4ft: EE Labels ist bereit f\u00fcr den Herbst - EE Labels","description":"Der Sommer ist vorbei und bei EE Labels l\u00e4uft die Produktion wieder auf Hochtouren. Zeit also, auf einen inspirierenden Herbst!","robots":{"index":"index","follow":"follow","max-snippet":"max-snippet:-1","max-image-preview":"max-image-preview:large","max-video-preview":"max-video-preview:-1"},"canonical":"https:\/\/www.eelabels.com\/de\/news-de\/wieder-im-geschaeft-ee-labels-ist-bereit-fuer-den-herbst\/","og_locale":"de_DE","og_type":"article","og_title":"Wieder im Gesch\u00e4ft: EE Labels ist bereit f\u00fcr den Herbst - EE Labels","og_description":"Der Sommer ist vorbei und bei EE Labels l\u00e4uft die Produktion wieder auf Hochtouren. Zeit also, auf einen inspirierenden Herbst!","og_url":"https:\/\/www.eelabels.com\/de\/news-de\/wieder-im-geschaeft-ee-labels-ist-bereit-fuer-den-herbst\/","og_site_name":"EE Labels","article_published_time":"2026-08-31T11:55:16+00:00","article_modified_time":"2026-08-31T11:59:55+00:00","og_image":[{"width":1080,"height":1080,"url":"https:\/\/www.eelabels.com\/wp-content\/uploads\/2026\/08\/Kopie-van-EE-tekst-geel-zwart-3-1.png","type":"image\/png"}],"author":"Marloes Evers","twitter_card":"summary_large_image","twitter_misc":{"Verfasst von":"Marloes Evers","Gesch\u00e4tzte Lesezeit":"2\u00a0Minuten"},"schema":{"@context":"https:\/\/schema.org","@graph":[{"@type":"Article","@id":"https:\/\/www.eelabels.com\/de\/news-de\/wieder-im-geschaeft-ee-labels-ist-bereit-fuer-den-herbst\/#article","isPartOf":{"@id":"https:\/\/www.eelabels.com\/de\/news-de\/wieder-im-geschaeft-ee-labels-ist-bereit-fuer-den-herbst\/"},"author":{"name":"Marloes Evers","@id":"https:\/\/www.eelabels.com\/#\/schema\/person\/80606de7a921cba309842722cae5faf1"},"headline":"Wieder im Gesch\u00e4ft: EE Labels ist bereit f\u00fcr den Herbst","datePublished":"2026-08-31T11:55:16+00:00","dateModified":"2026-08-31T11:59:55+00:00","mainEntityOfPage":{"@id":"https:\/\/www.eelabels.com\/de\/news-de\/wieder-im-geschaeft-ee-labels-ist-bereit-fuer-den-herbst\/"},"wordCount":240,"image":{"@id":"https:\/\/www.eelabels.com\/de\/news-de\/wieder-im-geschaeft-ee-labels-ist-bereit-fuer-den-herbst\/#primaryimage"},"thumbnailUrl":"https:\/\/www.eelabels.com\/wp-content\/uploads\/2026\/08\/Kopie-van-EE-tekst-geel-zwart-3-1.png","articleSection":["news"],"inLanguage":"de"},{"@type":"WebPage","@id":"https:\/\/www.eelabels.com\/de\/news-de\/wieder-im-geschaeft-ee-labels-ist-bereit-fuer-den-herbst\/","url":"https:\/\/www.eelabels.com\/de\/news-de\/wieder-im-geschaeft-ee-labels-ist-bereit-fuer-den-herbst\/","name":"Wieder im Gesch\u00e4ft: EE Labels ist bereit f\u00fcr den Herbst - EE Labels","isPartOf":{"@id":"https:\/\/www.eelabels.com\/#website"},"primaryImageOfPage":{"@id":"https:\/\/www.eelabels.com\/de\/news-de\/wieder-im-geschaeft-ee-labels-ist-bereit-fuer-den-herbst\/#primaryimage"},"image":{"@id":"https:\/\/www.eelabels.com\/de\/news-de\/wieder-im-geschaeft-ee-labels-ist-bereit-fuer-den-herbst\/#primaryimage"},"thumbnailUrl":"https:\/\/www.eelabels.com\/wp-content\/uploads\/2026\/08\/Kopie-van-EE-tekst-geel-zwart-3-1.png","datePublished":"2026-08-31T11:55:16+00:00","dateModified":"2026-08-31T11:59:55+00:00","author":{"@id":"https:\/\/www.eelabels.com\/#\/schema\/person\/80606de7a921cba309842722cae5faf1"},"description":"Der Sommer ist vorbei und bei EE Labels l\u00e4uft die Produktion wieder auf Hochtouren. Zeit also, auf einen inspirierenden Herbst!","breadcrumb":{"@id":"https:\/\/www.eelabels.com\/de\/news-de\/wieder-im-geschaeft-ee-labels-ist-bereit-fuer-den-herbst\/#breadcrumb"},"inLanguage":"de","potentialAction":[{"@type":"ReadAction","target":["https:\/\/www.eelabels.com\/de\/news-de\/wieder-im-geschaeft-ee-labels-ist-bereit-fuer-den-herbst\/"]}]},{"@type":"ImageObject","inLanguage":"de","@id":"https:\/\/www.eelabels.com\/de\/news-de\/wieder-im-geschaeft-ee-labels-ist-bereit-fuer-den-herbst\/#primaryimage","url":"https:\/\/www.eelabels.com\/wp-content\/uploads\/2026\/08\/Kopie-van-EE-tekst-geel-zwart-3-1.png","contentUrl":"https:\/\/www.eelabels.com\/wp-content\/uploads\/2026\/08\/Kopie-van-EE-tekst-geel-zwart-3-1.png","width":1080,"height":1080},{"@type":"BreadcrumbList","@id":"https:\/\/www.eelabels.com\/de\/news-de\/wieder-im-geschaeft-ee-labels-ist-bereit-fuer-den-herbst\/#breadcrumb","itemListElement":[{"@type":"ListItem","position":1,"name":"Home","item":"https:\/\/www.eelabels.com\/de\/"},{"@type":"ListItem","position":2,"name":"Wieder im Gesch\u00e4ft: EE Labels ist bereit f\u00fcr den Herbst"}]},{"@type":"WebSite","@id":"https:\/\/www.eelabels.com\/#website","url":"https:\/\/www.eelabels.com\/","name":"EE Labels","description":"Specialist in geweven labels, gedrukte labels, hangtags &amp; branding","potentialAction":[{"@type":"SearchAction","target":{"@type":"EntryPoint","urlTemplate":"https:\/\/www.eelabels.com\/?s={search_term_string}"},"query-input":{"@type":"PropertyValueSpecification","valueRequired":true,"valueName":"search_term_string"}}],"inLanguage":"de"},{"@type":"Person","@id":"https:\/\/www.eelabels.com\/#\/schema\/person\/80606de7a921cba309842722cae5faf1","name":"Marloes Evers","image":{"@type":"ImageObject","inLanguage":"de","@id":"https:\/\/secure.gravatar.com\/avatar\/e027dd698d539ad8e6ba35166e71aebed5b4f6da10ae4745d3fbff2269e4e1e6?s=96&d=mm&r=g","url":"https:\/\/secure.gravatar.com\/avatar\/e027dd698d539ad8e6ba35166e71aebed5b4f6da10ae4745d3fbff2269e4e1e6?s=96&d=mm&r=g","contentUrl":"https:\/\/secure.gravatar.com\/avatar\/e027dd698d539ad8e6ba35166e71aebed5b4f6da10ae4745d3fbff2269e4e1e6?s=96&d=mm&r=g","caption":"Marloes Evers"},"url":"https:\/\/www.eelabels.com\/de\/author\/marloes-evers\/"}]}},"_links":{"self":[{"href":"https:\/\/www.eelabels.com\/de\/wp-json\/wp\/v2\/posts\/27314","targetHints":{"allow":["GET"]}}],"collection":[{"href":"https:\/\/www.eelabels.com\/de\/wp-json\/wp\/v2\/posts"}],"about":[{"href":"https:\/\/www.eelabels.com\/de\/wp-json\/wp\/v2\/types\/post"}],"author":[{"embeddable":true,"href":"https:\/\/www.eelabels.com\/de\/wp-json\/wp\/v2\/users\/5"}],"replies":[{"embeddable":true,"href":"https:\/\/www.eelabels.com\/de\/wp-json\/wp\/v2\/comments?post=27314"}],"version-history":[{"count":2,"href":"https:\/\/www.eelabels.com\/de\/wp-json\/wp\/v2\/posts\/27314\/revisions"}],"predecessor-version":[{"id":27318,"href":"https:\/\/www.eelabels.com\/de\/wp-json\/wp\/v2\/posts\/27314\/revisions\/27318"}],"wp:featuredmedia":[{"embeddable":true,"href":"https:\/\/www.eelabels.com\/de\/wp-json\/wp\/v2\/media\/27310"}],"wp:attachment":[{"href":"https:\/\/www.eelabels.com\/de\/wp-json\/wp\/v2\/media?parent=27314"}],"wp:term":[{"taxonomy":"category","embeddable":true,"href":"https:\/\/www.eelabels.com\/de\/wp-json\/wp\/v2\/categories?post=27314"},{"taxonomy":"post_tag","embeddable":true,"href":"https:\/\/www.eelabels.com\/de\/wp-json\/wp\/v2\/tags?post=27314"}],"curies":[{"name":"wp","href":"https:\/\/api.w.org\/{rel}","templated":true}]}}